{"id":128710,"date":"2019-04-17T17:39:40","date_gmt":"2019-04-17T21:39:40","guid":{"rendered":"https:\/\/bobvarela.com\/?p=128710"},"modified":"2019-04-17T17:39:40","modified_gmt":"2019-04-17T21:39:40","slug":"arecibo-celebrar-el-domingo-de-pascuas-con-su-mercado-urbano","status":"publish","type":"post","link":"https:\/\/bobvarela.com\/?p=128710","title":{"rendered":"Arecibo celebrar&aacute; el domingo de pascuas con su Mercado Urbano"},"content":{"rendered":"<p><img decoding=\"async\" style=\"margin-right: auto; margin-left: auto; float: none; display: block;\" border=\"0\" hspace=\"5\" vspace=\"5\" src=\"https:\/\/files.constantcontact.com\/e68561ca001\/52912dc1-2124-4f0d-bfdb-f36a76fd2526.jpg\" width=\"580\" \/><\/p>\n<p align=\"justify\"><font size=\"3\">Arecibo abrir\u00e1 las puertas de su hist\u00f3rico casco urbano este fin de semana para celebrar el domingo de pascuas con una edici\u00f3n especial de su Mercado Urbano.<\/font><\/p>\n<p align=\"justify\"><font size=\"3\">De acuerdo con el alcalde, Carlos Molina Rodr\u00edguez, este domingo 21 de abril el mercado ya tradicional, abrir\u00e1 sus puestos de ventas especiales, artesan\u00edas y m\u00fasica directo, para el disfrute y el entretenimiento de la familia en la regi\u00f3n de Arecibo durante el d\u00eda de pascuas. <\/font><\/p>\n<p align=\"justify\"><font size=\"3\">Explic\u00f3 el alcalde que para el disfrute del p\u00fablico, el mercado realizar\u00e1 una competencia entre los ni\u00f1os para encontrar los huevos dorados escondidos en la Plaza de Recreo con premiaciones especiales.<\/font><\/p>\n<p align=\"justify\"><font size=\"3\">Este pr\u00f3ximo mercado que como de costumbre, comenzar\u00e1 a las 12:00 M en la Plaza de Recreo Municipal, conmemorar\u00e1 el mes de abril con la m\u00fasica de H\u00e9ctor Olmo y su orquesta &quot;Al Comp\u00e1s de Cristo&quot; adem\u00e1s de Miguel Gonz\u00e1lez y su orquesta &quot;En Clave de Gracia&quot;.<\/font><\/p>\n<p align=\"justify\"><font size=\"3\">&quot;Invitamos a todos a pasar un gran domingo de pascuas en familia. Con actividades de entretenimiento para todos y en el caso del Mercado, con las frutas, vegetales y artesan\u00edas que ya han hecho de este evento, uno que esperan los arecibe\u00f1os&quot;, dijo Molina Rodr\u00edguez sobre el evento que tambi\u00e9n contar\u00e1 con el personaje del conejo de pascuas.<\/font><\/p>\n","protected":false},"excerpt":{"rendered":"<p>Arecibo abrir\u00e1 las puertas de su hist\u00f3rico casco urbano este fin de semana para celebrar el domingo de pascuas con una edici\u00f3n especial de su Mercado Urbano. De acuerdo con el alcalde, Carlos Molina Rodr\u00edguez, este domingo 21 de abril&hellip;<\/p>\n<p class=\"more-link-p\"><a class=\"more-link\" href=\"https:\/\/bobvarela.com\/?p=128710\">Read more &rarr;<\/a><\/p>\n","protected":false},"author":1,"featured_media":0,"comment_status":"open","ping_status":"open","sticky":false,"template":"","format":"standard","meta":{"ngg_post_thumbnail":0,"footnotes":""},"categories":[3,127],"tags":[],"class_list":["post-128710","post","type-post","status-publish","format-standard","hentry","category-actividades","category-musica"],"_links":{"self":[{"href":"https:\/\/bobvarela.com\/index.php?rest_route=\/wp\/v2\/posts\/128710","targetHints":{"allow":["GET"]}}],"collection":[{"href":"https:\/\/bobvarela.com\/index.php?rest_route=\/wp\/v2\/posts"}],"about":[{"href":"https:\/\/bobvarela.com\/index.php?rest_route=\/wp\/v2\/types\/post"}],"author":[{"embeddable":true,"href":"https:\/\/bobvarela.com\/index.php?rest_route=\/wp\/v2\/users\/1"}],"replies":[{"embeddable":true,"href":"https:\/\/bobvarela.com\/index.php?rest_route=%2Fwp%2Fv2%2Fcomments&post=128710"}],"version-history":[{"count":1,"href":"https:\/\/bobvarela.com\/index.php?rest_route=\/wp\/v2\/posts\/128710\/revisions"}],"predecessor-version":[{"id":128711,"href":"https:\/\/bobvarela.com\/index.php?rest_route=\/wp\/v2\/posts\/128710\/revisions\/128711"}],"wp:attachment":[{"href":"https:\/\/bobvarela.com\/index.php?rest_route=%2Fwp%2Fv2%2Fmedia&parent=128710"}],"wp:term":[{"taxonomy":"category","embeddable":true,"href":"https:\/\/bobvarela.com\/index.php?rest_route=%2Fwp%2Fv2%2Fcategories&post=128710"},{"taxonomy":"post_tag","embeddable":true,"href":"https:\/\/bobvarela.com\/index.php?rest_route=%2Fwp%2Fv2%2Ftags&post=128710"}],"curies":[{"name":"wp","href":"https:\/\/api.w.org\/{rel}","templated":true}]}}