{"id":128741,"date":"2019-04-18T08:44:22","date_gmt":"2019-04-18T12:44:22","guid":{"rendered":"https:\/\/bobvarela.com\/?p=128741"},"modified":"2019-04-18T08:44:22","modified_gmt":"2019-04-18T12:44:22","slug":"conferencia-de-prensa-professional-beauty-show-2019","status":"publish","type":"post","link":"https:\/\/bobvarela.com\/?p=128741","title":{"rendered":"Conferencia de Prensa Professional Beauty Show 2019"},"content":{"rendered":"<p align=\"center\"><font size=\"3\"><a href=\"https:\/\/bobvarela.com\/wp-content\/uploads\/2019\/04\/07-IMG_2978.jpg\"><img loading=\"lazy\" decoding=\"async\" title=\"07-IMG_2978\" style=\"display: inline; background-image: none;\" border=\"0\" alt=\"07-IMG_2978\" src=\"https:\/\/bobvarela.com\/wp-content\/uploads\/2019\/04\/07-IMG_2978_thumb.jpg\" width=\"188\" height=\"147\" \/><\/a><a href=\"https:\/\/bobvarela.com\/wp-content\/uploads\/2019\/04\/01-IMG_2956.jpg\"><img loading=\"lazy\" decoding=\"async\" title=\"01-IMG_2956\" style=\"display: inline; background-image: none;\" border=\"0\" alt=\"01-IMG_2956\" src=\"https:\/\/bobvarela.com\/wp-content\/uploads\/2019\/04\/01-IMG_2956_thumb.jpg\" width=\"224\" height=\"145\" \/><\/a><a href=\"https:\/\/bobvarela.com\/wp-content\/uploads\/2019\/04\/12-IMG_3020.jpg\"><img loading=\"lazy\" decoding=\"async\" title=\"12-IMG_3020\" style=\"display: inline; background-image: none;\" border=\"0\" alt=\"12-IMG_3020\" src=\"https:\/\/bobvarela.com\/wp-content\/uploads\/2019\/04\/12-IMG_3020_thumb.jpg\" width=\"208\" height=\"140\" \/><\/a><\/font><\/p>\n<p align=\"justify\"><font size=\"3\">Con el prop\u00f3sito de facilitar ese acceso a la informaci\u00f3n y traer al mercado local lo que ocurre en las grandes capitales de la moda, donde nacen las tendencias, <strong>vuelve a la isla el evento Professional Beauty Show, que se llevar\u00e1 a cabo el 28 y 29 de abril en el Coliseo Roberto Clemente, en San Juan.<\/strong><\/font><\/p>\n<p align=\"center\"><strong><font size=\"3\"><a href=\"https:\/\/bobvarela.com\/wp-content\/uploads\/2019\/04\/09-IMG_3000.jpg\"><img loading=\"lazy\" decoding=\"async\" title=\"09-IMG_3000\" style=\"display: inline; background-image: none;\" border=\"0\" alt=\"09-IMG_3000\" src=\"https:\/\/bobvarela.com\/wp-content\/uploads\/2019\/04\/09-IMG_3000_thumb.jpg\" width=\"222\" height=\"149\" \/><\/a><a href=\"https:\/\/bobvarela.com\/wp-content\/uploads\/2019\/04\/06-IMG_2976.jpg\"><img loading=\"lazy\" decoding=\"async\" title=\"06-IMG_2976\" style=\"display: inline; background-image: none;\" border=\"0\" alt=\"06-IMG_2976\" src=\"https:\/\/bobvarela.com\/wp-content\/uploads\/2019\/04\/06-IMG_2976_thumb.jpg\" width=\"202\" height=\"141\" \/><\/a><a href=\"https:\/\/bobvarela.com\/wp-content\/uploads\/2019\/04\/08-IMG_2985.jpg\"><img loading=\"lazy\" decoding=\"async\" title=\"08-IMG_2985\" style=\"display: inline; background-image: none;\" border=\"0\" alt=\"08-IMG_2985\" src=\"https:\/\/bobvarela.com\/wp-content\/uploads\/2019\/04\/08-IMG_2985_thumb.jpg\" width=\"214\" height=\"144\" \/><\/a><\/font><\/strong><\/p>\n<p align=\"justify\"><font size=\"3\">\u201cA trav\u00e9s de este evento facilitamos una plataforma de crecimiento para los profesionales de la belleza. Conscientes de eso creemos que no podemos hacer una feria de belleza, sino que tiene que ser una convenci\u00f3n que supla las necesidades de conocer las nuevas tendencias y productos para que se mantengan al d\u00eda\u201d, destaca Roberto Paniagua, presidente y creador del Professional Beauty Show y el San Juan Beauty Show.<\/font><\/p>\n<p align=\"center\"><font size=\"3\"><a href=\"https:\/\/bobvarela.com\/wp-content\/uploads\/2019\/04\/11-IMG_3014.jpg\"><img loading=\"lazy\" decoding=\"async\" title=\"11-IMG_3014\" style=\"display: inline; background-image: none;\" border=\"0\" alt=\"11-IMG_3014\" src=\"https:\/\/bobvarela.com\/wp-content\/uploads\/2019\/04\/11-IMG_3014_thumb.jpg\" width=\"214\" height=\"144\" \/><\/a><a href=\"https:\/\/bobvarela.com\/wp-content\/uploads\/2019\/04\/13-IMG_3025.jpg\"><img loading=\"lazy\" decoding=\"async\" title=\"13-IMG_3025\" style=\"display: inline; background-image: none;\" border=\"0\" alt=\"13-IMG_3025\" src=\"https:\/\/bobvarela.com\/wp-content\/uploads\/2019\/04\/13-IMG_3025_thumb.jpg\" width=\"205\" height=\"138\" \/><\/a><a href=\"https:\/\/bobvarela.com\/wp-content\/uploads\/2019\/04\/02-IMG_2958-1.jpg\"><img loading=\"lazy\" decoding=\"async\" title=\"02-IMG_2958\" style=\"display: inline; background-image: none;\" border=\"0\" alt=\"02-IMG_2958\" src=\"https:\/\/bobvarela.com\/wp-content\/uploads\/2019\/04\/02-IMG_2958_thumb.jpg\" width=\"208\" height=\"140\" \/><\/a><\/font><\/p>\n<p align=\"justify\"><font size=\"3\"><strong><a href=\"https:\/\/bobvarela.com\/wp-content\/uploads\/2019\/04\/04-_2963_pp.jpg\"><img loading=\"lazy\" decoding=\"async\" title=\"04-_2963_pp\" style=\"float: left; display: inline; background-image: none;\" border=\"0\" alt=\"04-_2963_pp\" src=\"https:\/\/bobvarela.com\/wp-content\/uploads\/2019\/04\/04-_2963_pp_thumb.jpg\" width=\"164\" align=\"left\" height=\"267\" \/><\/a>Durante los dos d\u00edas de la convenci\u00f3n se estar\u00e1n mostrando nuevos productos y tratamientos para el cuidado de la piel, el cabello, las u\u00f1as y el maquillaje, a trav\u00e9s de las casi 200 compa\u00f1\u00edas que participar\u00e1n. <\/strong>Adem\u00e1s, se estar\u00e1n celebrando eventos especializados, como el Simposio acad\u00e9mico de biomedicina est\u00e9tica y masaje terap\u00e9utico y la variedad de clases magistrales que ofrecer\u00e1n algunos de los miembros del Colegio de especialistas de belleza de Puerto Rico.<\/font><\/p>\n<p align=\"justify\"><font size=\"3\">A esto se unen <strong>demostraciones en la tarima principal y las competencias tanto de profesionales como de estudiantes<\/strong>.<\/font><\/p>\n<p align=\"center\"><a href=\"https:\/\/bobvarela.com\/wp-content\/uploads\/2019\/04\/14-IMG_3028.jpg\"><img loading=\"lazy\" decoding=\"async\" title=\"14-IMG_3028\" style=\"display: inline; background-image: none;\" border=\"0\" alt=\"14-IMG_3028\" src=\"https:\/\/bobvarela.com\/wp-content\/uploads\/2019\/04\/14-IMG_3028_thumb.jpg\" width=\"365\" height=\"245\" \/><\/a><\/p>\n","protected":false},"excerpt":{"rendered":"<p>Con el prop\u00f3sito de facilitar ese acceso a la informaci\u00f3n y traer al mercado local lo que ocurre en las grandes capitales de la moda, donde nacen las tendencias, vuelve a la isla el evento Professional Beauty Show, que se&hellip;<\/p>\n<p class=\"more-link-p\"><a class=\"more-link\" href=\"https:\/\/bobvarela.com\/?p=128741\">Read more &rarr;<\/a><\/p>\n","protected":false},"author":1,"featured_media":0,"comment_status":"open","ping_status":"open","sticky":false,"template":"","format":"standard","meta":{"ngg_post_thumbnail":0,"footnotes":""},"categories":[4,295],"tags":[],"class_list":["post-128741","post","type-post","status-publish","format-standard","hentry","category-moda","category-puerto-rico"],"_links":{"self":[{"href":"https:\/\/bobvarela.com\/index.php?rest_route=\/wp\/v2\/posts\/128741","targetHints":{"allow":["GET"]}}],"collection":[{"href":"https:\/\/bobvarela.com\/index.php?rest_route=\/wp\/v2\/posts"}],"about":[{"href":"https:\/\/bobvarela.com\/index.php?rest_route=\/wp\/v2\/types\/post"}],"author":[{"embeddable":true,"href":"https:\/\/bobvarela.com\/index.php?rest_route=\/wp\/v2\/users\/1"}],"replies":[{"embeddable":true,"href":"https:\/\/bobvarela.com\/index.php?rest_route=%2Fwp%2Fv2%2Fcomments&post=128741"}],"version-history":[{"count":1,"href":"https:\/\/bobvarela.com\/index.php?rest_route=\/wp\/v2\/posts\/128741\/revisions"}],"predecessor-version":[{"id":128742,"href":"https:\/\/bobvarela.com\/index.php?rest_route=\/wp\/v2\/posts\/128741\/revisions\/128742"}],"wp:attachment":[{"href":"https:\/\/bobvarela.com\/index.php?rest_route=%2Fwp%2Fv2%2Fmedia&parent=128741"}],"wp:term":[{"taxonomy":"category","embeddable":true,"href":"https:\/\/bobvarela.com\/index.php?rest_route=%2Fwp%2Fv2%2Fcategories&post=128741"},{"taxonomy":"post_tag","embeddable":true,"href":"https:\/\/bobvarela.com\/index.php?rest_route=%2Fwp%2Fv2%2Ftags&post=128741"}],"curies":[{"name":"wp","href":"https:\/\/api.w.org\/{rel}","templated":true}]}}