{"id":128810,"date":"2019-05-07T20:41:44","date_gmt":"2019-05-08T00:41:44","guid":{"rendered":"https:\/\/bobvarela.com\/?p=128810"},"modified":"2019-05-07T20:41:44","modified_gmt":"2019-05-08T00:41:44","slug":"el-bochinche-llega-a-mayagez","status":"publish","type":"post","link":"https:\/\/bobvarela.com\/?p=128810","title":{"rendered":"El Bochinche llega a Mayag&uuml;ez"},"content":{"rendered":"<p align=\"center\"><font size=\"3\"><a href=\"https:\/\/bobvarela.com\/wp-content\/uploads\/2019\/05\/Corte-de-Cinta-1.jpg\"><img loading=\"lazy\" decoding=\"async\" title=\"Corte de Cinta\" style=\"display: inline; background-image: none;\" border=\"0\" alt=\"Corte de Cinta\" src=\"https:\/\/bobvarela.com\/wp-content\/uploads\/2019\/05\/Corte-de-Cinta_thumb-1.jpg\" width=\"433\" height=\"291\" \/><\/a><\/font><\/p>\n<p align=\"justify\"><font size=\"3\">Lleno de puro sabor y color se celebr\u00f3 el pasado 25 de abril la gran inauguraci\u00f3n de <i>El Bochinche Carb\u00f3n y Le\u00f1a<\/i>, una nueva e interesante propuesta Culinaria en Mayag\u00fcez. La propuesta de <i>El Bochinche<\/i> combina elementos de la cocina boricua y caribe\u00f1a, haciendo alusi\u00f3n a las ra\u00edces aut\u00f3ctonas Puertorrique\u00f1as. \u201cEstoy sumamente agradecido con la vida, con este nuevo proyecto y en especial con mi equipo de trabajo que sin ellos esto no ser\u00eda posible.&#160; Describo El Bochinche como una propuesta que fusiona un conjunto de elementos gastron\u00f3micos que hacen del mismo un fog\u00f3n patriota. Es La mezcla de sabores t\u00edpicos de Puerto Rico, expres\u00f3 Jonathan Ruiz, propietario de El Bochinche.&#160; <\/font><\/p>\n<p align=\"center\"><font size=\"3\"><a href=\"https:\/\/bobvarela.com\/wp-content\/uploads\/2019\/05\/Gerente-y-meseras-1.jpg\"><img loading=\"lazy\" decoding=\"async\" title=\"Gerente y meseras\" style=\"display: inline; background-image: none;\" border=\"0\" alt=\"Gerente y meseras\" src=\"https:\/\/bobvarela.com\/wp-content\/uploads\/2019\/05\/Gerente-y-meseras_thumb-1.jpg\" width=\"474\" height=\"319\" \/><\/a><\/font><\/p>\n<p align=\"justify\"><font size=\"3\">Los asistentes disfrutaron de degustaciones y de los c\u00f3cteles m\u00e1s emblem\u00e1ticos de la casa. \u201cNos especializamos en carnes asadas, tenemos una gran variedad de cortes y embutidos, adem\u00e1s pueden disfrutar de paella y todo confeccionado con ingredientes frescos del Pa\u00eds, destac\u00f3 Carlos Lizardi, Chef Ejecutivo de El Bochinche. <\/font><\/p>\n<p align=\"center\"><font size=\"3\"><a href=\"https:\/\/bobvarela.com\/wp-content\/uploads\/2019\/05\/Socios-fundadores-junto-a-Hilda-entrega-de-proclama-del-Municipio-de-Mayaguez-1.jpg\"><img loading=\"lazy\" decoding=\"async\" title=\"Socios fundadores junto a Hilda entrega de proclama del Municipio de Mayaguez\" style=\"display: inline; background-image: none;\" border=\"0\" alt=\"Socios fundadores junto a Hilda entrega de proclama del Municipio de Mayaguez\" src=\"https:\/\/bobvarela.com\/wp-content\/uploads\/2019\/05\/Socios-fundadores-junto-a-Hilda-entrega-de-proclama-del-Municipio-de-Mayaguez_thumb.jpg\" width=\"484\" height=\"325\" \/><\/a><\/font><\/p>\n<p align=\"justify\"><font size=\"3\"> El evento culmin\u00f3 con una batucada y con la presentaci\u00f3n de la Banda Sol D\u2019 Menta, acompa\u00f1ado por un gran espect\u00e1culo de fuegos artificiales. El&#160; restaurante ubica a solo pasos de la carretera #2 y est\u00e1 rodeado de naturaleza y folclor. Para m\u00e1s informaci\u00f3n pueden visitar su p\u00e1gina de facebook o pueden comunicarse al 787-673-4984.<\/font>&#160; <\/p>\n<p align=\"center\"><a href=\"https:\/\/bobvarela.com\/wp-content\/uploads\/2019\/05\/Socios-Fundadores-Luis-Fred-Chef-Carlos-Lizardi-y-Jonathan-Ruiz.jpg\"><img loading=\"lazy\" decoding=\"async\" title=\"Socios Fundadores Luis Fred, Chef Carlos Lizardi y Jonathan Ruiz\" style=\"display: inline; background-image: none;\" border=\"0\" alt=\"Socios Fundadores Luis Fred, Chef Carlos Lizardi y Jonathan Ruiz\" src=\"https:\/\/bobvarela.com\/wp-content\/uploads\/2019\/05\/Socios-Fundadores-Luis-Fred-Chef-Carlos-Lizardi-y-Jonathan-Ruiz_thumb.jpg\" width=\"536\" height=\"359\" \/><\/a><\/p>\n","protected":false},"excerpt":{"rendered":"<p>Lleno de puro sabor y color se celebr\u00f3 el pasado 25 de abril la gran inauguraci\u00f3n de El Bochinche Carb\u00f3n y Le\u00f1a, una nueva e interesante propuesta Culinaria en Mayag\u00fcez. La propuesta de El Bochinche combina elementos de la cocina&hellip;<\/p>\n<p class=\"more-link-p\"><a class=\"more-link\" href=\"https:\/\/bobvarela.com\/?p=128810\">Read more &rarr;<\/a><\/p>\n","protected":false},"author":1,"featured_media":0,"comment_status":"open","ping_status":"open","sticky":false,"template":"","format":"standard","meta":{"ngg_post_thumbnail":0,"footnotes":""},"categories":[3,127],"tags":[],"class_list":["post-128810","post","type-post","status-publish","format-standard","hentry","category-actividades","category-musica"],"_links":{"self":[{"href":"https:\/\/bobvarela.com\/index.php?rest_route=\/wp\/v2\/posts\/128810","targetHints":{"allow":["GET"]}}],"collection":[{"href":"https:\/\/bobvarela.com\/index.php?rest_route=\/wp\/v2\/posts"}],"about":[{"href":"https:\/\/bobvarela.com\/index.php?rest_route=\/wp\/v2\/types\/post"}],"author":[{"embeddable":true,"href":"https:\/\/bobvarela.com\/index.php?rest_route=\/wp\/v2\/users\/1"}],"replies":[{"embeddable":true,"href":"https:\/\/bobvarela.com\/index.php?rest_route=%2Fwp%2Fv2%2Fcomments&post=128810"}],"version-history":[{"count":1,"href":"https:\/\/bobvarela.com\/index.php?rest_route=\/wp\/v2\/posts\/128810\/revisions"}],"predecessor-version":[{"id":128811,"href":"https:\/\/bobvarela.com\/index.php?rest_route=\/wp\/v2\/posts\/128810\/revisions\/128811"}],"wp:attachment":[{"href":"https:\/\/bobvarela.com\/index.php?rest_route=%2Fwp%2Fv2%2Fmedia&parent=128810"}],"wp:term":[{"taxonomy":"category","embeddable":true,"href":"https:\/\/bobvarela.com\/index.php?rest_route=%2Fwp%2Fv2%2Fcategories&post=128810"},{"taxonomy":"post_tag","embeddable":true,"href":"https:\/\/bobvarela.com\/index.php?rest_route=%2Fwp%2Fv2%2Ftags&post=128810"}],"curies":[{"name":"wp","href":"https:\/\/api.w.org\/{rel}","templated":true}]}}