{"id":128822,"date":"2019-05-08T19:01:45","date_gmt":"2019-05-08T23:01:45","guid":{"rendered":"https:\/\/bobvarela.com\/?p=128822"},"modified":"2019-05-08T19:01:45","modified_gmt":"2019-05-08T23:01:45","slug":"puerto-rico-con-nueva-representante-para-el-miss-earth-nellys-pimentel-se-coron-como-la-ganadora","status":"publish","type":"post","link":"https:\/\/bobvarela.com\/?p=128822","title":{"rendered":"Puerto Rico con nueva representante para el Miss Earth Nellys Pimentel se coron&oacute; como la ganadora"},"content":{"rendered":"<p align=\"center\"><a href=\"https:\/\/bobvarela.com\/wp-content\/uploads\/2019\/05\/10-_MG_3238.jpg\"><img loading=\"lazy\" decoding=\"async\" title=\"10-_MG_3238\" style=\"display: inline; background-image: none;\" border=\"0\" alt=\"10-_MG_3238\" src=\"https:\/\/bobvarela.com\/wp-content\/uploads\/2019\/05\/10-_MG_3238_thumb.jpg\" width=\"236\" height=\"352\" \/><\/a><a href=\"https:\/\/bobvarela.com\/wp-content\/uploads\/2019\/05\/07-_MG_3164.jpg\"><img loading=\"lazy\" decoding=\"async\" title=\"07-_MG_3164\" style=\"display: inline; background-image: none;\" border=\"0\" alt=\"07-_MG_3164\" src=\"https:\/\/bobvarela.com\/wp-content\/uploads\/2019\/05\/07-_MG_3164_thumb.jpg\" width=\"233\" height=\"348\" \/><\/a><\/p>\n<p align=\"justify\">\n<p align=\"justify\"><font size=\"3\">Tras seis semanas de entrega y preparaci\u00f3n, la joven Nellys Pimentel, del municipio de San Juan, se convirti\u00f3 en la nueva portadora del t\u00edtulo Miss Earth Puerto Rico. La nueva soberana se destac\u00f3 por su impresionante dominio esc\u00e9nico y belleza, logrando vencer a nueve candidatas, en un a\u00f1o en que el evento tuvo fuertes competidoras.<\/font><\/p>\n<p align=\"justify\"><font size=\"3\"><\/font><\/p>\n<p align=\"justify\"><font size=\"3\">\u201cEstamos muy satisfechos con el resultado de esta noche. Sabemos que ser\u00e1 una gran representante en el evento internacional y estamos deseosos de comenzar con su entrenamiento\u201d, dijo Vanessa De Roide, directora de la franquicia local.<\/font><\/p>\n<p align=\"center\"><a href=\"https:\/\/bobvarela.com\/wp-content\/uploads\/2019\/05\/03-_MG_2804.jpg\"><img loading=\"lazy\" decoding=\"async\" title=\"03-_MG_2804\" style=\"display: inline; background-image: none;\" border=\"0\" alt=\"03-_MG_2804\" src=\"https:\/\/bobvarela.com\/wp-content\/uploads\/2019\/05\/03-_MG_2804_thumb.jpg\" width=\"281\" height=\"189\" \/><\/a><a href=\"https:\/\/bobvarela.com\/wp-content\/uploads\/2019\/05\/06-_MG_3158.jpg\"><img loading=\"lazy\" decoding=\"async\" title=\"06-_MG_3158\" style=\"display: inline; background-image: none;\" border=\"0\" alt=\"06-_MG_3158\" src=\"https:\/\/bobvarela.com\/wp-content\/uploads\/2019\/05\/06-_MG_3158_thumb.jpg\" width=\"284\" height=\"191\" \/><\/a><\/p>\n<p align=\"justify\"><font size=\"3\">El a\u00f1o pasado, Krystal Xamairy result\u00f3 ganadora del certamen nacional y tuvo un excelente desempe\u00f1o en la competencia internacional, por lo que fue seleccionada en la academia Mercantor, una de las academias de m\u00e1s prestigio en el campo del modelaje en Thailandia. <\/font><\/p>\n<p align=\"justify\"><font size=\"3\"><\/font><\/p>\n<p align=\"justify\"><font size=\"3\">La noche comenz\u00f3 con el desfile en traje de ba\u00f1os dise\u00f1ados con bordado en cristal, creados en Los \u00c1ngeles. Este a\u00f1o, la reconocida dise\u00f1adora dominicana Giannina Azar se sum\u00f3 al proyecto poniendo todo su talento en los trajes de gala hechos especialmente para las delegadas.<\/font><\/p>\n<p align=\"justify\"><font size=\"3\"><\/font><\/p>\n<p align=\"justify\"><font size=\"3\">Como parte del jurado figur\u00f3, el ganador de Iconic Model Search 2017 y actual Mister Global Dario Duque, la actriz y reina de belleza Nellianne Arce y la primera ganadora de Iconoc Model Search en Puerto Rico y actual Miss Puerto Rico Earth, Krystal Xamairy.&#160; <\/font><\/p>\n<p align=\"center\"><a href=\"https:\/\/bobvarela.com\/wp-content\/uploads\/2019\/05\/08-_MG_3207.jpg\"><img loading=\"lazy\" decoding=\"async\" title=\"08-_MG_3207\" style=\"display: inline; background-image: none;\" border=\"0\" alt=\"08-_MG_3207\" src=\"https:\/\/bobvarela.com\/wp-content\/uploads\/2019\/05\/08-_MG_3207_thumb.jpg\" width=\"293\" height=\"437\" \/><\/a><\/p>\n<p align=\"justify\"><font size=\"3\">Ahora, la joven de 21 a\u00f1os se prepara para representar a Puerto Rico en el certamen internacional que se realizar\u00e1 en Filipinas y tendr\u00e1 a su cargo impulsar el cuidado del ambiente y fomentar reciclaje tanto en nuestros hogares como en el exterior. <\/font><\/p>\n<p align=\"justify\"><font size=\"3\"><\/font><\/p>\n<p align=\"justify\"><font size=\"3\"><\/font><\/p>\n","protected":false},"excerpt":{"rendered":"<p>Tras seis semanas de entrega y preparaci\u00f3n, la joven Nellys Pimentel, del municipio de San Juan, se convirti\u00f3 en la nueva portadora del t\u00edtulo Miss Earth Puerto Rico. La nueva soberana se destac\u00f3 por su impresionante dominio esc\u00e9nico y belleza,&hellip;<\/p>\n<p class=\"more-link-p\"><a class=\"more-link\" href=\"https:\/\/bobvarela.com\/?p=128822\">Read more &rarr;<\/a><\/p>\n","protected":false},"author":1,"featured_media":0,"comment_status":"open","ping_status":"open","sticky":false,"template":"","format":"standard","meta":{"ngg_post_thumbnail":0,"footnotes":""},"categories":[5,336],"tags":[],"class_list":["post-128822","post","type-post","status-publish","format-standard","hentry","category-concursos","category-earth"],"_links":{"self":[{"href":"https:\/\/bobvarela.com\/index.php?rest_route=\/wp\/v2\/posts\/128822","targetHints":{"allow":["GET"]}}],"collection":[{"href":"https:\/\/bobvarela.com\/index.php?rest_route=\/wp\/v2\/posts"}],"about":[{"href":"https:\/\/bobvarela.com\/index.php?rest_route=\/wp\/v2\/types\/post"}],"author":[{"embeddable":true,"href":"https:\/\/bobvarela.com\/index.php?rest_route=\/wp\/v2\/users\/1"}],"replies":[{"embeddable":true,"href":"https:\/\/bobvarela.com\/index.php?rest_route=%2Fwp%2Fv2%2Fcomments&post=128822"}],"version-history":[{"count":1,"href":"https:\/\/bobvarela.com\/index.php?rest_route=\/wp\/v2\/posts\/128822\/revisions"}],"predecessor-version":[{"id":128823,"href":"https:\/\/bobvarela.com\/index.php?rest_route=\/wp\/v2\/posts\/128822\/revisions\/128823"}],"wp:attachment":[{"href":"https:\/\/bobvarela.com\/index.php?rest_route=%2Fwp%2Fv2%2Fmedia&parent=128822"}],"wp:term":[{"taxonomy":"category","embeddable":true,"href":"https:\/\/bobvarela.com\/index.php?rest_route=%2Fwp%2Fv2%2Fcategories&post=128822"},{"taxonomy":"post_tag","embeddable":true,"href":"https:\/\/bobvarela.com\/index.php?rest_route=%2Fwp%2Fv2%2Ftags&post=128822"}],"curies":[{"name":"wp","href":"https:\/\/api.w.org\/{rel}","templated":true}]}}