{"id":129213,"date":"2019-06-10T06:38:17","date_gmt":"2019-06-10T10:38:17","guid":{"rendered":"https:\/\/bobvarela.com\/?p=129213"},"modified":"2019-06-10T06:50:31","modified_gmt":"2019-06-10T10:50:31","slug":"pase-de-moda-con-las-candidatas-de-miss-universe-puerto-rico-2019-con-diseadores-de-san-juan-moda","status":"publish","type":"post","link":"https:\/\/bobvarela.com\/?p=129213","title":{"rendered":"Pase de moda con las candidatas de Miss Universe Puerto Rico 2019 con dise&ntilde;adores de San Juan Moda"},"content":{"rendered":"<p align=\"justify\"><font size=\"3\">Luego de la preliminar de Miss Universe Puerto Rico 2019 se presento el Desfile de Moda, donde las 28 candidatas se unieron a 7 dise\u00f1adores de San Juan Moda para una pasarela \u00fanica que cont\u00f3 con la participaci\u00f3n musical del tenor Carlos Aponte. El grupo de afamados dise\u00f1adores participantes fueron \u00c1ngel Guzm\u00e1n, Hern\u00e1n Nadal, Juan Carlos Collazo, Valdy, Kelvin Giovanne, Janice Emilia y Javier Arnaldo. Cada dise\u00f1ador tuvo a su cargo cuatro beldades.<\/font><\/p>\n<p align=\"justify\"><font size=\"3\">ngg_shortcode_0_placeholder<\/font><\/p>\n","protected":false},"excerpt":{"rendered":"<p>Luego de la preliminar de Miss Universe Puerto Rico 2019 se presento el Desfile de Moda, donde las 28 candidatas se unieron a 7 dise\u00f1adores de San Juan Moda para una pasarela \u00fanica que cont\u00f3 con la participaci\u00f3n musical del&hellip;<\/p>\n<p class=\"more-link-p\"><a class=\"more-link\" href=\"https:\/\/bobvarela.com\/?p=129213\">Read more &rarr;<\/a><\/p>\n","protected":false},"author":1,"featured_media":0,"comment_status":"open","ping_status":"open","sticky":false,"template":"","format":"standard","meta":{"ngg_post_thumbnail":0,"footnotes":""},"categories":[5,4,295,172],"tags":[],"class_list":["post-129213","post","type-post","status-publish","format-standard","hentry","category-concursos","category-moda","category-puerto-rico","category-universe"],"_links":{"self":[{"href":"https:\/\/bobvarela.com\/index.php?rest_route=\/wp\/v2\/posts\/129213","targetHints":{"allow":["GET"]}}],"collection":[{"href":"https:\/\/bobvarela.com\/index.php?rest_route=\/wp\/v2\/posts"}],"about":[{"href":"https:\/\/bobvarela.com\/index.php?rest_route=\/wp\/v2\/types\/post"}],"author":[{"embeddable":true,"href":"https:\/\/bobvarela.com\/index.php?rest_route=\/wp\/v2\/users\/1"}],"replies":[{"embeddable":true,"href":"https:\/\/bobvarela.com\/index.php?rest_route=%2Fwp%2Fv2%2Fcomments&post=129213"}],"version-history":[{"count":4,"href":"https:\/\/bobvarela.com\/index.php?rest_route=\/wp\/v2\/posts\/129213\/revisions"}],"predecessor-version":[{"id":129217,"href":"https:\/\/bobvarela.com\/index.php?rest_route=\/wp\/v2\/posts\/129213\/revisions\/129217"}],"wp:attachment":[{"href":"https:\/\/bobvarela.com\/index.php?rest_route=%2Fwp%2Fv2%2Fmedia&parent=129213"}],"wp:term":[{"taxonomy":"category","embeddable":true,"href":"https:\/\/bobvarela.com\/index.php?rest_route=%2Fwp%2Fv2%2Fcategories&post=129213"},{"taxonomy":"post_tag","embeddable":true,"href":"https:\/\/bobvarela.com\/index.php?rest_route=%2Fwp%2Fv2%2Ftags&post=129213"}],"curies":[{"name":"wp","href":"https:\/\/api.w.org\/{rel}","templated":true}]}}