{"id":129447,"date":"2019-08-21T17:49:35","date_gmt":"2019-08-21T21:49:35","guid":{"rendered":"https:\/\/bobvarela.com\/?p=129447"},"modified":"2019-08-21T17:49:35","modified_gmt":"2019-08-21T21:49:35","slug":"lyanno-conquista-mxico-y-lanza-nuevo-sencillo","status":"publish","type":"post","link":"https:\/\/bobvarela.com\/?p=129447","title":{"rendered":"LYANNO CONQUISTA M&Eacute;XICO Y LANZA NUEVO SENCILLO"},"content":{"rendered":"<p align=\"center\"><img loading=\"lazy\" decoding=\"async\" border=\"0\" hspace=\"0\" src=\"https:\/\/files.constantcontact.com\/e68561ca001\/5a65d40f-e40a-42a6-a2a1-64b62543df94.jpg\" width=\"438\" height=\"657\" \/><\/p>\n<p align=\"justify\"><font size=\"3\">El exponente puertorrique\u00f1o del g\u00e9nero urbano Lyanno sigue complaciendo a su fanaticada con propuestas innovadoras. Por eso, el video musical de su nuevo \u00e9xito &quot;Se Cans\u00f3&quot; presenta un concepto distintivo, pero manteniendo el estilo del int\u00e9rprete.<\/font><\/p>\n<p align=\"justify\"><font size=\"3\">La producci\u00f3n del video musical de Rimas Entertainment estuvo a cargo de Fernando Lugo, quien a su vez fungi\u00f3 como director, y fue grabado en su totalidad en locaciones en Miami, Florida. <\/font><\/p>\n<p align=\"justify\"><font size=\"3\">El tema en promoci\u00f3n &quot;Se Cans\u00f3&quot; est\u00e1 incluido en el primer \u00e1lbum EP de Lyanno titulado &quot;Episodios&quot; bajo el sello Rimas Music, que fue lanzado el pasado mes, -el 19 de julio-, y que ha tenido una acogida extraordinaria entre los seguidores del g\u00e9nero. Incluso, los n\u00fameros que ha alcanzado &quot;Se Cans\u00f3&quot; son sorprendentes, porque ha logrado m\u00e1s de 1.34 millones de streams en Spotify. &quot;Episodios&quot; est\u00e1 disponible en todas las plataformas digitales.<\/font>&#160;<\/p>\n<p><a href=\"https:\/\/r20.rs6.net\/tn.jsp?f=001KwyZCUl-CbuOsNa9wqri3ruYHscusm1v0eRN3HnXwECkB-s-yAvRBnuGGCGM64SkQ3fHt3dQlIQWg4GUBtw_Ai0uPNXtQt4I0iYWcv2CK3rNzI65K9yVkWcpdq2VMzK4wueCWMu6csIcNlsh2aKAmX20t-p-k6q53hrqddgUI9OMZf1CuPSlCQ==&amp;c=KPSZvOKSU3vE88oi01oHsIkcJ21h52Y6bWxuZg8Ev3fgUbb08fzJTg==&amp;ch=qKwuTQV2fKjCmHLonu3L5Ba4-RTSbyFYU6ZUj895z6r6MhQg4YhFww==\"><img loading=\"lazy\" decoding=\"async\" border=\"0\" hspace=\"0\" alt=\"Se Cans\u00f3 - Lyanno ( Video Oficial )\" src=\"https:\/\/web-extract.constantcontact.com\/v1\/thumbnail?url=https:\/\/i.ytimg.com\/vi\/otn6NdAkCns\/hqdefault.jpg\" width=\"396\" height=\"297\" \/><\/a><\/p>\n<p><strong>Se Cans\u00f3 &#8211; Lyanno ( Video Oficial )<\/strong><\/p>\n<p align=\"justify\"><font size=\"3\">La letra de la canci\u00f3n, producida por los experimentados productores Subeloneo, presenta la historia de una joven que sabe muy bien lo que quiere y se cansa de esperar por un chico. Lyanno afirma que cuando prepar\u00f3 &quot;Se Cans\u00f3&quot;, que se ha convertido en tema clave de su EP,&#160; lo hizo pensando en sus fan\u00e1ticas femeninas y es su predilecto. &quot;Esta es mi favorita del \u00e1lbum. \u00a1Dedicada para todas las mujeres!&quot;, expresa Lyanno.<\/font><\/p>\n<p align=\"justify\"><font size=\"3\">El \u00e9xito que ha tenido &quot;Episodios&quot; ha llevado a Lyanno a trabajar arduamente en el verano con una agenda repleta de conciertos, presentaciones y filmaci\u00f3n de videos. El pasado fin de semana, Lyanno se present\u00f3 con \u00e9xito en el Baja Beach Fest 2019 en Rosarito Beach, M\u00e9xico, donde comparti\u00f3 tarima con artistas como Bad Bunny, JBalvin, Ozuna y Nicky Jam, entre otros. Adem\u00e1s, el p\u00fablico de Chile disfrutar\u00e1 de su energ\u00eda en tarima cuando se presente en concierto del 22 al 25 de agosto en el pa\u00eds de Am\u00e9rica del Sur. Luego, Lyanno tendr\u00e1 una gira de prensa en su natal Puerto Rico, para entregarlo todo sobre el escenario en su participaci\u00f3n en la gira de J Balvin &quot;Arcoiris&quot;, que comienza el pr\u00f3ximo viernes 30 de agosto en el Coliseo de Puerto Rico, donde tiene a su cargo la apertura del show.<\/font><\/p>\n<p align=\"center\"><img loading=\"lazy\" decoding=\"async\" style=\"margin-right: auto; margin-left: auto; float: none; display: block;\" border=\"0\" hspace=\"5\" vspace=\"5\" src=\"https:\/\/files.constantcontact.com\/e68561ca001\/6aae54c0-fb3f-4faa-8a64-df5ae978026f.jpg\" width=\"479\" height=\"268\" \/><\/p>\n<p><img loading=\"lazy\" decoding=\"async\" style=\"margin-right: auto; margin-left: auto; float: none; display: block;\" border=\"0\" hspace=\"5\" vspace=\"5\" src=\"https:\/\/files.constantcontact.com\/e68561ca001\/0b0dee14-379d-401a-9b14-3444e0c6e88e.jpg\" width=\"478\" height=\"268\" \/><\/p>\n","protected":false},"excerpt":{"rendered":"<p>El exponente puertorrique\u00f1o del g\u00e9nero urbano Lyanno sigue complaciendo a su fanaticada con propuestas innovadoras. Por eso, el video musical de su nuevo \u00e9xito &quot;Se Cans\u00f3&quot; presenta un concepto distintivo, pero manteniendo el estilo del int\u00e9rprete. La producci\u00f3n del video&hellip;<\/p>\n<p class=\"more-link-p\"><a class=\"more-link\" href=\"https:\/\/bobvarela.com\/?p=129447\">Read more &rarr;<\/a><\/p>\n","protected":false},"author":1,"featured_media":0,"comment_status":"open","ping_status":"open","sticky":false,"template":"","format":"standard","meta":{"ngg_post_thumbnail":0,"footnotes":""},"categories":[3,127],"tags":[],"class_list":["post-129447","post","type-post","status-publish","format-standard","hentry","category-actividades","category-musica"],"_links":{"self":[{"href":"https:\/\/bobvarela.com\/index.php?rest_route=\/wp\/v2\/posts\/129447","targetHints":{"allow":["GET"]}}],"collection":[{"href":"https:\/\/bobvarela.com\/index.php?rest_route=\/wp\/v2\/posts"}],"about":[{"href":"https:\/\/bobvarela.com\/index.php?rest_route=\/wp\/v2\/types\/post"}],"author":[{"embeddable":true,"href":"https:\/\/bobvarela.com\/index.php?rest_route=\/wp\/v2\/users\/1"}],"replies":[{"embeddable":true,"href":"https:\/\/bobvarela.com\/index.php?rest_route=%2Fwp%2Fv2%2Fcomments&post=129447"}],"version-history":[{"count":1,"href":"https:\/\/bobvarela.com\/index.php?rest_route=\/wp\/v2\/posts\/129447\/revisions"}],"predecessor-version":[{"id":129448,"href":"https:\/\/bobvarela.com\/index.php?rest_route=\/wp\/v2\/posts\/129447\/revisions\/129448"}],"wp:attachment":[{"href":"https:\/\/bobvarela.com\/index.php?rest_route=%2Fwp%2Fv2%2Fmedia&parent=129447"}],"wp:term":[{"taxonomy":"category","embeddable":true,"href":"https:\/\/bobvarela.com\/index.php?rest_route=%2Fwp%2Fv2%2Fcategories&post=129447"},{"taxonomy":"post_tag","embeddable":true,"href":"https:\/\/bobvarela.com\/index.php?rest_route=%2Fwp%2Fv2%2Ftags&post=129447"}],"curies":[{"name":"wp","href":"https:\/\/api.w.org\/{rel}","templated":true}]}}