{"id":129497,"date":"2019-08-22T19:53:20","date_gmt":"2019-08-22T23:53:20","guid":{"rendered":"https:\/\/bobvarela.com\/?p=129497"},"modified":"2019-08-22T19:53:20","modified_gmt":"2019-08-22T23:53:20","slug":"10ma-edicin-del-west-fashion-week","status":"publish","type":"post","link":"https:\/\/bobvarela.com\/?p=129497","title":{"rendered":"10ma Edici&oacute;n del WEST Fashion Week"},"content":{"rendered":"<p align=\"center\"><font size=\"3\"><a href=\"https:\/\/bobvarela.com\/wp-content\/uploads\/2019\/08\/westpinkcelebrate.jpg\"><img loading=\"lazy\" decoding=\"async\" title=\"westpinkcelebrate\" style=\"display: inline; background-image: none;\" border=\"0\" alt=\"westpinkcelebrate\" src=\"https:\/\/bobvarela.com\/wp-content\/uploads\/2019\/08\/westpinkcelebrate_thumb.jpg\" width=\"267\" height=\"267\" \/><\/a><\/font><\/p>\n<p align=\"justify\"><font size=\"3\">Fiat y Alfa Romeo presentan la 10ma Edici\u00f3n del WEST Fashion Week con un fin de semana lleno de moda, belleza, turismo y diversi\u00f3n.     <\/p>\n<p align=\"justify\">\n<p>     <\/font><font size=\"3\">Comenzamos en el 2010 como una plataforma de moda enfocadaen promover nuevos nombres y prospectos de la aguja en Puerto Ricopara dar esa primera oportunidad que aveces es tan dif\u00edcil. Esta vezno ser\u00e1 la excepci\u00f3n pues contamos con una cartera de mas de una treintenade presentaciones donde los nuevos nombres son la orden del d\u00eda.<\/font><\/p>\n<p align=\"center\"><font size=\"3\"><a href=\"https:\/\/bobvarela.com\/wp-content\/uploads\/2019\/08\/westad2019.jpg\"><img loading=\"lazy\" decoding=\"async\" title=\"westad2019\" style=\"margin: 0px; display: inline; background-image: none;\" border=\"0\" alt=\"westad2019\" src=\"https:\/\/bobvarela.com\/wp-content\/uploads\/2019\/08\/westad2019_thumb.jpg\" width=\"134\" height=\"172\" \/><\/a><a href=\"https:\/\/bobvarela.com\/wp-content\/uploads\/2019\/08\/WESTBKPROMO.jpg\"><img loading=\"lazy\" decoding=\"async\" title=\"WESTBKPROMO\" style=\"display: inline; background-image: none;\" border=\"0\" alt=\"WESTBKPROMO\" src=\"https:\/\/bobvarela.com\/wp-content\/uploads\/2019\/08\/WESTBKPROMO_thumb.jpg\" width=\"150\" height=\"168\" \/><\/a><\/font><\/p>\n<p align=\"justify\"><font size=\"3\">Hemos tenido a travez de los a\u00f1os dise\u00f1adores que nos apoyaron y otros que comenzaron con nosotros y muchos de trayectoria que han logrado posicionarse y siguen creciendo; entre ellos: Ecliptica, Marcos Carrazana, Lisa Thon, Juan Colon Reinaldo Alvarez, Jos\u00e9 Ra\u00fal, Jaer Cab\u00e1n, David Antonio, Tommie Hern\u00e1ndez, Sonia Santiago, Sonia Rivera, Angel Guzman, Juan Carlos Collazo, Natalia L\u00f3pez, Joan Laureano, Kelvin Giovannie, Maritza Camareno, Normariliz Soto, Idalia S\u00faarez, Damaris Caro y Lemaris Lorenzo, recien graduada de Par\u00eds entre otros.     <\/p>\n<p align=\"justify\"><font size=\"3\">Continuamos siendo la plataforma de la nueva generaci\u00f3n exponiedo nuevos nombres que buscan un espacio en la industria y estamos m\u00e1s que orgullosos de ver los resultados a nivel local e internacional.         <\/p>\n<p align=\"justify\"><font size=\"3\">Como parte de nuestra jornada celebramos el 10th WEST Fashion Icons, el viernes 13 de septiembre en reconocimiento a 10 figuras que han sido parte esencial de nuestra plataforma a travez de los a\u00f1os con los desfiles de Jocelyn Delgado y Orlando L\u00f3pez.             <\/p>\n<p align=\"justify\"><font size=\"3\">Revalidamos WEST Trayectoria en homenaje a la dise\u00f1adora Sonia Rivera, durante el desfile ben\u00e9fico WEST por una causa amadrinado por la modelo s\u00edndrome de down, Dalila Zapata, en est\u00e1 ocasi\u00f3n a beneficio de Fundaci\u00f3n CAP, organizaci\u00f3n sin fines de lucro que est\u00e1 celebrando 30 a\u00f1os de compromiso continuocon la unidad de oncolog\u00eda del Hospital Pedi\u00e1trico del Centro M\u00e9dico, en busca de que cada ni\u00f1o paciente de c\u00e1ncer sin importar sus recursos econ\u00f3micos, tenga acceso a un tratamiento de primera aqu\u00ed en Puerto Rico cerca de su familia y de su hogar. <\/font><\/p>\n<p>           <\/font><\/p>\n<p align=\"justify\">\n<p align=\"justify\"><font size=\"3\">El dise\u00f1ador Jos\u00e9 Ra\u00fal presentar\u00e1 su colecci\u00f3n Barbie para hombres y mujeresmientras Juan Col\u00f3n realza la moda petite con su Tiny World Model Show.<\/font><\/p>\n<p>         <\/font><\/p>\n<p>       <\/font><\/p>\n<p align=\"center\"><font size=\"3\"><a href=\"https:\/\/bobvarela.com\/wp-content\/uploads\/2019\/08\/janco-by-juan-colon-1-1.jpg\"><img loading=\"lazy\" decoding=\"async\" title=\"janco by juan colon 1\" style=\"margin: 0px; display: inline; background-image: none;\" border=\"0\" alt=\"janco by juan colon 1\" src=\"https:\/\/bobvarela.com\/wp-content\/uploads\/2019\/08\/janco-by-juan-colon-1_thumb-1.jpg\" width=\"134\" height=\"199\" \/><\/a><a href=\"https:\/\/bobvarela.com\/wp-content\/uploads\/2019\/08\/janco-by-juan-colon-2-1.jpg\"><img loading=\"lazy\" decoding=\"async\" title=\"janco by juan colon 2\" style=\"margin: 0px; display: inline; background-image: none;\" border=\"0\" alt=\"janco by juan colon 2\" src=\"https:\/\/bobvarela.com\/wp-content\/uploads\/2019\/08\/janco-by-juan-colon-2_thumb-1.jpg\" width=\"134\" height=\"199\" \/><\/a><a href=\"https:\/\/bobvarela.com\/wp-content\/uploads\/2019\/08\/janco-by-juan-colon-3-1.jpg\"><img loading=\"lazy\" decoding=\"async\" title=\"janco by juan colon 3\" style=\"margin: 0px; display: inline; background-image: none;\" border=\"0\" alt=\"janco by juan colon 3\" src=\"https:\/\/bobvarela.com\/wp-content\/uploads\/2019\/08\/janco-by-juan-colon-3_thumb-1.jpg\" width=\"134\" height=\"199\" \/><\/a><a href=\"https:\/\/bobvarela.com\/wp-content\/uploads\/2019\/08\/janco-by-juan-colon-4.jpg\"><img loading=\"lazy\" decoding=\"async\" title=\"janco by juan colon\" style=\"display: inline; background-image: none;\" border=\"0\" alt=\"janco by juan colon\" src=\"https:\/\/bobvarela.com\/wp-content\/uploads\/2019\/08\/janco-by-juan-colon_thumb-1.jpg\" width=\"134\" height=\"199\" \/><\/a><\/font><\/p>\n<p align=\"justify\"><font size=\"3\">Rosa Rivera tendr\u00e1 a cargo la propuesta de tallas grandes mientras Leonisa presentar\u00e1 su colecci\u00f3n de ba\u00f1adores, Mel Dur\u00e1n revela su colecci\u00f3n I Love Mel &#8211; Only for Teens y Jos\u00e9 Braulio se enfoca en la moda elegante para la mujer contempor\u00e1nea.     <\/p>\n<p align=\"center\">\n<p>     <\/font><font size=\"3\">Se estrenan en la pasarela del WFW: Yolian Mora, Tania Andrea, Felipe Seda, Tylon Reyes, Betzaida Medina, Eddie Laboyx y Grisel Barrios junto a los emergentes: Zorymar Batlle, Carmen Pe\u00f1a, George Marrero, Yousef Aponte y Anne Hebe.        <\/p>\n<p align=\"center\"><a href=\"https:\/\/bobvarela.com\/wp-content\/uploads\/2019\/08\/me-jo-1.jpg\"><img loading=\"lazy\" decoding=\"async\" title=\"me &amp;  jo\" style=\"margin: 0px; display: inline; background-image: none;\" border=\"0\" alt=\"me &amp;  jo\" src=\"https:\/\/bobvarela.com\/wp-content\/uploads\/2019\/08\/me-jo_thumb-1.jpg\" width=\"134\" height=\"199\" \/><\/a><a href=\"https:\/\/bobvarela.com\/wp-content\/uploads\/2019\/08\/rosa-rivera-1-1.jpg\"><img loading=\"lazy\" decoding=\"async\" title=\"rosa rivera 1\" style=\"margin: 0px; display: inline; background-image: none;\" border=\"0\" alt=\"rosa rivera 1\" src=\"https:\/\/bobvarela.com\/wp-content\/uploads\/2019\/08\/rosa-rivera-1_thumb-1.jpg\" width=\"134\" height=\"199\" \/><\/a><\/p>\n<p>       <\/font><font size=\"3\">Adem\u00e1s EDP Runway estar\u00e1 a cargo de EDP University Recinto de San Sebast\u00edan con las presentaciones de: Jailenne Hern\u00e1ndez, Jessenia Ballester, Ruth Alma y Sugeidy P\u00e9rez<\/font><\/p>\n<p align=\"center\"><font size=\"3\"><a href=\"https:\/\/bobvarela.com\/wp-content\/uploads\/2019\/08\/05-ADHARA-5-1.jpg\"><img loading=\"lazy\" decoding=\"async\" title=\"05-ADHARA-5 (1)\" style=\"display: inline; background-image: none;\" border=\"0\" alt=\"05-ADHARA-5 (1)\" src=\"https:\/\/bobvarela.com\/wp-content\/uploads\/2019\/08\/05-ADHARA-5-1_thumb.jpg\" width=\"134\" height=\"199\" \/><\/a><a href=\"https:\/\/bobvarela.com\/wp-content\/uploads\/2019\/08\/04-ADHARA-4-1.jpg\"><img loading=\"lazy\" decoding=\"async\" title=\"04-ADHARA-4 (1)\" style=\"display: inline; background-image: none;\" border=\"0\" alt=\"04-ADHARA-4 (1)\" src=\"https:\/\/bobvarela.com\/wp-content\/uploads\/2019\/08\/04-ADHARA-4-1_thumb.jpg\" width=\"134\" height=\"199\" \/><\/a><\/font><\/p>\n<p align=\"justify\"><font size=\"3\">El cierre del evento ser\u00e1 el domingo 15 de septiembre y estar\u00e1 a cargo dela moda infantil de: Mel Dur\u00e1n, Lorraine Ortiz, Luis Enrique, Kyra Enid, Jocelyn DelgadoModa Pibes y el estreno de Tania Moreno y Ligia Rutinel.     <\/p>\n<p align=\"justify\"><font size=\"3\">Para asistir a los desfiles deben comunicarse con los dise\u00f1adores o al email <\/font><a><font size=\"3\">westfashionweek@gmail.com<\/font><\/a><font size=\"3\"> o visitar la p\u00e1gina de Facebook: West Fashion Week<\/font><\/p>\n<p>   <\/font><\/p>\n","protected":false},"excerpt":{"rendered":"<p>Fiat y Alfa Romeo presentan la 10ma Edici\u00f3n del WEST Fashion Week con un fin de semana lleno de moda, belleza, turismo y diversi\u00f3n. Comenzamos en el 2010 como una plataforma de moda enfocadaen promover nuevos nombres y prospectos de&hellip;<\/p>\n<p class=\"more-link-p\"><a class=\"more-link\" href=\"https:\/\/bobvarela.com\/?p=129497\">Read more &rarr;<\/a><\/p>\n","protected":false},"author":1,"featured_media":0,"comment_status":"open","ping_status":"open","sticky":false,"template":"","format":"standard","meta":{"ngg_post_thumbnail":0,"footnotes":""},"categories":[4,295,503],"tags":[],"class_list":["post-129497","post","type-post","status-publish","format-standard","hentry","category-moda","category-puerto-rico","category-west"],"_links":{"self":[{"href":"https:\/\/bobvarela.com\/index.php?rest_route=\/wp\/v2\/posts\/129497","targetHints":{"allow":["GET"]}}],"collection":[{"href":"https:\/\/bobvarela.com\/index.php?rest_route=\/wp\/v2\/posts"}],"about":[{"href":"https:\/\/bobvarela.com\/index.php?rest_route=\/wp\/v2\/types\/post"}],"author":[{"embeddable":true,"href":"https:\/\/bobvarela.com\/index.php?rest_route=\/wp\/v2\/users\/1"}],"replies":[{"embeddable":true,"href":"https:\/\/bobvarela.com\/index.php?rest_route=%2Fwp%2Fv2%2Fcomments&post=129497"}],"version-history":[{"count":1,"href":"https:\/\/bobvarela.com\/index.php?rest_route=\/wp\/v2\/posts\/129497\/revisions"}],"predecessor-version":[{"id":129498,"href":"https:\/\/bobvarela.com\/index.php?rest_route=\/wp\/v2\/posts\/129497\/revisions\/129498"}],"wp:attachment":[{"href":"https:\/\/bobvarela.com\/index.php?rest_route=%2Fwp%2Fv2%2Fmedia&parent=129497"}],"wp:term":[{"taxonomy":"category","embeddable":true,"href":"https:\/\/bobvarela.com\/index.php?rest_route=%2Fwp%2Fv2%2Fcategories&post=129497"},{"taxonomy":"post_tag","embeddable":true,"href":"https:\/\/bobvarela.com\/index.php?rest_route=%2Fwp%2Fv2%2Ftags&post=129497"}],"curies":[{"name":"wp","href":"https:\/\/api.w.org\/{rel}","templated":true}]}}