{"id":129552,"date":"2019-08-29T08:53:59","date_gmt":"2019-08-29T12:53:59","guid":{"rendered":"https:\/\/bobvarela.com\/?p=129552"},"modified":"2019-08-29T09:00:56","modified_gmt":"2019-08-29T13:00:56","slug":"preliminar-miss-mundo-puerto-rico-2019","status":"publish","type":"post","link":"https:\/\/bobvarela.com\/?p=129552","title":{"rendered":"Preliminar Miss Mundo Puerto Rico 2019"},"content":{"rendered":"<p align=\"center\"><span style=\"font-size: medium;\"><a href=\"https:\/\/bobvarela.com\/wp-content\/uploads\/2019\/08\/IMG_1195.jpg\"><img loading=\"lazy\" decoding=\"async\" width=\"477\" height=\"321\" title=\"IMG_1195\" style=\"display: inline; background-image: none;\" alt=\"IMG_1195\" src=\"https:\/\/bobvarela.com\/wp-content\/uploads\/2019\/08\/IMG_1195_thumb.jpg\" border=\"0\"\/><\/a><\/span><\/p>\n<p align=\"justify\"><span style=\"font-size: medium;\">Las seis semifinalistas del certamen de belleza Miss Mundo Puerto Rico 2019 fueron escogidas el 25 de agosto de 2019 durante un evento celebrado en el Centro de Bellas Artes de Caguas.<\/span><\/p>\n<p align=\"justify\"><span style=\"font-size: medium;\">Las representantes de los municipios de Bayam\u00f3n, Daniella Rodr\u00edguez Laureano; Cayey, Yashira Marrero V\u00e1zquez; Juana D\u00edaz, Mariangie Alicea Figueroa; Carolina Karimar Qui\u00f1ones Algar\u00edn; Caguas, Maritery Carri\u00f3n Portela y la candidata que m\u00e1s votos obtuvo en las redes sociales Nicole Paredes Rivera de Humacao se alzaron con las posiciones de finalistas del certamen de Miss Mundo Puerto Rico 2019 durante la competencia preliminar celebrada ayer, domingo, en el Centro de Bellas Artes de Caguas.<\/span><\/p>\n<p align=\"center\"><span style=\"font-size: medium;\"><a href=\"https:\/\/bobvarela.com\/wp-content\/uploads\/2019\/08\/IMG_9946.jpg\"><img loading=\"lazy\" decoding=\"async\" width=\"258\" height=\"197\" title=\"IMG_9946\" style=\"display: inline; background-image: none;\" alt=\"IMG_9946\" src=\"https:\/\/bobvarela.com\/wp-content\/uploads\/2019\/08\/IMG_9946_thumb.jpg\" border=\"0\"\/><\/a><\/span><a href=\"https:\/\/bobvarela.com\/wp-content\/uploads\/2019\/08\/IMG_9875.jpg\"><img loading=\"lazy\" decoding=\"async\" width=\"239\" height=\"194\" title=\"IMG_9875\" style=\"display: inline; background-image: none;\" alt=\"IMG_9875\" src=\"https:\/\/bobvarela.com\/wp-content\/uploads\/2019\/08\/IMG_9875_thumb.jpg\" border=\"0\"\/><\/a><a href=\"https:\/\/bobvarela.com\/wp-content\/uploads\/2019\/08\/IMG_0620.jpg\"><img loading=\"lazy\" decoding=\"async\" width=\"132\" height=\"187\" title=\"IMG_0620\" style=\"display: inline; background-image: none;\" alt=\"IMG_0620\" src=\"https:\/\/bobvarela.com\/wp-content\/uploads\/2019\/08\/IMG_0620_thumb.jpg\" border=\"0\"\/><\/a><\/p>\n<p align=\"justify\"><span style=\"font-size: medium;\">Merced Forsyth anim\u00f3 el certamen anoche junto al actor Fernando Allende y con Kimberly Santiago.&nbsp; <strong>El duo Shambayah canto el tema \u201cAl derecho y al rev\u00e9s\u201d, mientras, el hijo menor de Fernando Allende, Edan, cant\u00f3 el tema \u201cNunca me sueltes\u201d.<\/strong><\/span><\/p>\n<p>DESFILE EN TRAJE DE GALA<\/p>\nngg_shortcode_0_placeholder\n<p>DESFILE SEMIFINALISTA TRAJE DE BA\u00f1O<\/p>\nngg_shortcode_1_placeholder\n","protected":false},"excerpt":{"rendered":"<p>Las seis semifinalistas del certamen de belleza Miss Mundo Puerto Rico 2019 fueron escogidas el 25 de agosto de 2019 durante un evento celebrado en el Centro de Bellas Artes de Caguas. Las representantes de los municipios de Bayam\u00f3n, Daniella&hellip;<\/p>\n<p class=\"more-link-p\"><a class=\"more-link\" href=\"https:\/\/bobvarela.com\/?p=129552\">Read more &rarr;<\/a><\/p>\n","protected":false},"author":1,"featured_media":0,"comment_status":"open","ping_status":"open","sticky":false,"template":"","format":"standard","meta":{"ngg_post_thumbnail":0,"footnotes":""},"categories":[5,165],"tags":[],"class_list":["post-129552","post","type-post","status-publish","format-standard","hentry","category-concursos","category-mundo"],"_links":{"self":[{"href":"https:\/\/bobvarela.com\/index.php?rest_route=\/wp\/v2\/posts\/129552","targetHints":{"allow":["GET"]}}],"collection":[{"href":"https:\/\/bobvarela.com\/index.php?rest_route=\/wp\/v2\/posts"}],"about":[{"href":"https:\/\/bobvarela.com\/index.php?rest_route=\/wp\/v2\/types\/post"}],"author":[{"embeddable":true,"href":"https:\/\/bobvarela.com\/index.php?rest_route=\/wp\/v2\/users\/1"}],"replies":[{"embeddable":true,"href":"https:\/\/bobvarela.com\/index.php?rest_route=%2Fwp%2Fv2%2Fcomments&post=129552"}],"version-history":[{"count":2,"href":"https:\/\/bobvarela.com\/index.php?rest_route=\/wp\/v2\/posts\/129552\/revisions"}],"predecessor-version":[{"id":129554,"href":"https:\/\/bobvarela.com\/index.php?rest_route=\/wp\/v2\/posts\/129552\/revisions\/129554"}],"wp:attachment":[{"href":"https:\/\/bobvarela.com\/index.php?rest_route=%2Fwp%2Fv2%2Fmedia&parent=129552"}],"wp:term":[{"taxonomy":"category","embeddable":true,"href":"https:\/\/bobvarela.com\/index.php?rest_route=%2Fwp%2Fv2%2Fcategories&post=129552"},{"taxonomy":"post_tag","embeddable":true,"href":"https:\/\/bobvarela.com\/index.php?rest_route=%2Fwp%2Fv2%2Ftags&post=129552"}],"curies":[{"name":"wp","href":"https:\/\/api.w.org\/{rel}","templated":true}]}}