{"id":129773,"date":"2019-10-03T17:37:04","date_gmt":"2019-10-03T21:37:04","guid":{"rendered":"https:\/\/bobvarela.com\/?p=129773"},"modified":"2019-10-03T17:37:04","modified_gmt":"2019-10-03T21:37:04","slug":"el-reino-de-david-antonio","status":"publish","type":"post","link":"https:\/\/bobvarela.com\/?p=129773","title":{"rendered":"&ldquo;El Reino&rdquo; de David Antonio"},"content":{"rendered":"<p align=\"justify\"><font size=\"3\">El dise\u00f1ador David Antonio presento como parte de la celebraci\u00f3n de su 35 Aniversario su desfile titulado \u201cEl Reino\u201d Este evento se llev\u00f3 a cabo el 26 de septiembre. en el Hotel Caribe Hilton a beneficio del Hogar Cuna San Crist\u00f3bal.<\/font><\/p>\n<p align=\"justify\"><font size=\"3\">La colecci\u00f3n \u201cEl Reino\u201d es una oda a las monarqu\u00edas del mundo, algo que siempre le ha intrigado. Un \u00e1vido lector, David Antonio se interes\u00f3 desde muy temprano en la forma en que estas familias sobreviven los siglos manteniendo sus tradiciones a trav\u00e9s del tiempo. Esta colecci\u00f3n, sin embargo, la dedica a las maravillosas mujeres que siendo parte de estas monarqu\u00edas se atrevieron a romper con las reglas y el protocolo para desafiar la monoton\u00eda y crear su propio estilo al vestir.<\/font><\/p>\n<p align=\"justify\"><font size=\"3\">\u201cUnas m\u00e1s atrevidas que otras, pero todas fabulosas y llenas de personalidad y valor,\u201d dijo David Antonio. \u201cMe encantan Carolina de M\u00f3naco, Lady Diana, Rania de Jordania y la Reina Letizia. Todas establecieron un estilo, y sientan pauta. Impulsan cambios en las monarqu\u00edas y han transformado la industria de la moda. Son una brisa fresca de futuro.\u201d<\/font><\/p>\n<p align=\"justify\"><font size=\"3\">La colecci\u00f3n \u201cEl Reino\u201d incluyo 80 cambios para hombre y mujer, divididos en cuatro estampas. Predominaron el rojo, los colores met\u00e1licos, el trabajo artesanal, los bordados, encajes y brocados, \u201cMucho lazo, mucha manga, mucha abundancia, en fin, una colecci\u00f3n que habla de los excesos.\u201d<\/font><\/p>\n<p align=\"justify\"><font size=\"3\">El dise\u00f1o de maquillaje y peinados fue de Carlos Marrero. La joyer\u00eda es de la Letr\u00e1n Jewelers, y el calzado es de Novus y Galer\u00eda. El coctel fue&#160; una cortes\u00eda de V.Su\u00e1rez y el Hotel Caribe Hilton.<\/font> <\/p>\nngg_shortcode_0_placeholder\n","protected":false},"excerpt":{"rendered":"<p>El dise\u00f1ador David Antonio presento como parte de la celebraci\u00f3n de su 35 Aniversario su desfile titulado \u201cEl Reino\u201d Este evento se llev\u00f3 a cabo el 26 de septiembre. en el Hotel Caribe Hilton a beneficio del Hogar Cuna San&hellip;<\/p>\n<p class=\"more-link-p\"><a class=\"more-link\" href=\"https:\/\/bobvarela.com\/?p=129773\">Read more &rarr;<\/a><\/p>\n","protected":false},"author":1,"featured_media":0,"comment_status":"open","ping_status":"open","sticky":false,"template":"","format":"standard","meta":{"ngg_post_thumbnail":0,"footnotes":""},"categories":[4,295],"tags":[],"class_list":["post-129773","post","type-post","status-publish","format-standard","hentry","category-moda","category-puerto-rico"],"_links":{"self":[{"href":"https:\/\/bobvarela.com\/index.php?rest_route=\/wp\/v2\/posts\/129773","targetHints":{"allow":["GET"]}}],"collection":[{"href":"https:\/\/bobvarela.com\/index.php?rest_route=\/wp\/v2\/posts"}],"about":[{"href":"https:\/\/bobvarela.com\/index.php?rest_route=\/wp\/v2\/types\/post"}],"author":[{"embeddable":true,"href":"https:\/\/bobvarela.com\/index.php?rest_route=\/wp\/v2\/users\/1"}],"replies":[{"embeddable":true,"href":"https:\/\/bobvarela.com\/index.php?rest_route=%2Fwp%2Fv2%2Fcomments&post=129773"}],"version-history":[{"count":1,"href":"https:\/\/bobvarela.com\/index.php?rest_route=\/wp\/v2\/posts\/129773\/revisions"}],"predecessor-version":[{"id":129774,"href":"https:\/\/bobvarela.com\/index.php?rest_route=\/wp\/v2\/posts\/129773\/revisions\/129774"}],"wp:attachment":[{"href":"https:\/\/bobvarela.com\/index.php?rest_route=%2Fwp%2Fv2%2Fmedia&parent=129773"}],"wp:term":[{"taxonomy":"category","embeddable":true,"href":"https:\/\/bobvarela.com\/index.php?rest_route=%2Fwp%2Fv2%2Fcategories&post=129773"},{"taxonomy":"post_tag","embeddable":true,"href":"https:\/\/bobvarela.com\/index.php?rest_route=%2Fwp%2Fv2%2Ftags&post=129773"}],"curies":[{"name":"wp","href":"https:\/\/api.w.org\/{rel}","templated":true}]}}