{"id":129791,"date":"2019-10-08T06:39:22","date_gmt":"2019-10-08T10:39:22","guid":{"rendered":"https:\/\/bobvarela.com\/?p=129791"},"modified":"2019-10-08T06:39:22","modified_gmt":"2019-10-08T10:39:22","slug":"hazel-ortiz-rumbo-a-miss-grand-international","status":"publish","type":"post","link":"https:\/\/bobvarela.com\/?p=129791","title":{"rendered":"HAZEL ORTIZ RUMBO A MISS GRAND INTERNATIONAL"},"content":{"rendered":"<p align=\"center\"><font size=\"3\"><a href=\"https:\/\/bobvarela.com\/wp-content\/uploads\/2019\/10\/71764760_974193312928954_830213089507934208_n.jpg\"><img loading=\"lazy\" decoding=\"async\" title=\"71764760_974193312928954_830213089507934208_n\" style=\"display: inline; background-image: none;\" border=\"0\" alt=\"71764760_974193312928954_830213089507934208_n\" src=\"https:\/\/bobvarela.com\/wp-content\/uploads\/2019\/10\/71764760_974193312928954_830213089507934208_n_thumb.jpg\" width=\"407\" height=\"407\" \/><\/a><\/font><\/p>\n<p align=\"justify\"><font size=\"3\">La reina boricua Hazel M. Ort\u00edz, estar\u00e1 representando la isla del encanto en el concurso Miss Grand International 2019, el cual celebra su s\u00e9ptima edici\u00f3n el pr\u00f3ximo 25 de octubre en Caracas, Venezuela.&#160; <\/font><\/p>\n<p align=\"justify\"><font size=\"3\">La modelo de 22 a\u00f1os partir\u00e1 a Caracas hoy 8 de octubre, en donde estar\u00e1n participando 70 pa\u00edses que ya han confirmado su representaci\u00f3n. Hazel, es natural del pueblo de Bayam\u00f3n y graduada Relaciones P\u00fablicas y publicidad en la Universidad Central de Florida y actualmente ejerce su profesi\u00f3n con una organizaci\u00f3n sin fines de lucro que ayuda a ni\u00f1os de bajos recursos.<\/font><\/p>\n<p align=\"justify\"><font size=\"3\">Hazel, sin duda lleva una gran encomienda, pues durante los pasados 6 a\u00f1os las representantes de la isla han logrado su clasificaci\u00f3n, obteniendo en el a\u00f1o 2013 la primera corona con Janelee Chaparro, en el 2014, 2015 dos semifinalistas Rebeca Valent\u00edn e Izamar Pe\u00f1a y finalmente en el 2016, 2017,2018 tres terceras finalistas Madison Anderson, Brenda Azaria Jim\u00e9nez y Nicole M Col\u00f3n.&#160; <\/font><\/p>\n<p align=\"justify\"><font size=\"3\">S\u00e9 que esta experiencia ser\u00e1 una de mucho crecimiento personal, profesional y cultural. Agradezco a la organizaci\u00f3n Nuestra Belleza Puerto Rico, por hacer posible esta realidad que estoy viviendo, pero sobre todo por permitirme ser embajadora de Puerto Rico a nivel internacional. \u201cSiempre atesore el poder representar a mi pa\u00eds y ser portavoz de la mujer puertorrique\u00f1a.\u201d indico Hazel.<\/font><\/p>\n<p align=\"justify\"><a name=\"m_-8740571059310456438_m_-2585940425292025036_m_106325934953004\"><\/a><font size=\"3\">La directora de la organizaci\u00f3n Nuestra Belleza Puerto Rico Nicole Col\u00f3n, menciono que el ajuar que lucir\u00e1 nuestra delegada durante los d\u00edas de competencia est\u00e1 a cargo de Juancarlos Collazo y varias boutique nacionales, tanto el vestido de la Gala Final como el traje t\u00edpico son una creaci\u00f3n de los dise\u00f1adores \u00c1ngel Guzm\u00e1n y Abimael Ort\u00edz. El vestido t\u00edpico fue inspirado en la fantas\u00eda de Vejigantes y su careta fue realizada por el artista ponce\u00f1o Kenneth Mel\u00e9ndez. <\/font><\/p>\n<p align=\"justify\"><font size=\"3\">De otra parte, el presidente de la organizaci\u00f3n Nuestra Belleza Puerto Rico, Miguel R. Deliz, mencion\u00f3 que se siente orgulloso con la preparaci\u00f3n que de nuestra delegada y s\u00e9 que est\u00e1 lista para hacer brillar a Puerto Rico y traernos la segunda corona internacional a la isla, agrego &quot; Deliz&quot;<\/font><\/p>\n<p align=\"center\"><a href=\"https:\/\/bobvarela.com\/wp-content\/uploads\/2019\/10\/70544859_958254421189510_5519852231781777408_n.jpg\"><img loading=\"lazy\" decoding=\"async\" title=\"70544859_958254421189510_5519852231781777408_n\" style=\"display: inline; background-image: none;\" border=\"0\" alt=\"70544859_958254421189510_5519852231781777408_n\" src=\"https:\/\/bobvarela.com\/wp-content\/uploads\/2019\/10\/70544859_958254421189510_5519852231781777408_n_thumb.jpg\" width=\"314\" height=\"314\" \/><\/a><\/p>\n","protected":false},"excerpt":{"rendered":"<p>La reina boricua Hazel M. Ort\u00edz, estar\u00e1 representando la isla del encanto en el concurso Miss Grand International 2019, el cual celebra su s\u00e9ptima edici\u00f3n el pr\u00f3ximo 25 de octubre en Caracas, Venezuela.&#160; La modelo de 22 a\u00f1os partir\u00e1 a&hellip;<\/p>\n<p class=\"more-link-p\"><a class=\"more-link\" href=\"https:\/\/bobvarela.com\/?p=129791\">Read more &rarr;<\/a><\/p>\n","protected":false},"author":1,"featured_media":0,"comment_status":"open","ping_status":"open","sticky":false,"template":"","format":"standard","meta":{"ngg_post_thumbnail":0,"footnotes":""},"categories":[5,481],"tags":[],"class_list":["post-129791","post","type-post","status-publish","format-standard","hentry","category-concursos","category-grand-international"],"_links":{"self":[{"href":"https:\/\/bobvarela.com\/index.php?rest_route=\/wp\/v2\/posts\/129791","targetHints":{"allow":["GET"]}}],"collection":[{"href":"https:\/\/bobvarela.com\/index.php?rest_route=\/wp\/v2\/posts"}],"about":[{"href":"https:\/\/bobvarela.com\/index.php?rest_route=\/wp\/v2\/types\/post"}],"author":[{"embeddable":true,"href":"https:\/\/bobvarela.com\/index.php?rest_route=\/wp\/v2\/users\/1"}],"replies":[{"embeddable":true,"href":"https:\/\/bobvarela.com\/index.php?rest_route=%2Fwp%2Fv2%2Fcomments&post=129791"}],"version-history":[{"count":1,"href":"https:\/\/bobvarela.com\/index.php?rest_route=\/wp\/v2\/posts\/129791\/revisions"}],"predecessor-version":[{"id":129792,"href":"https:\/\/bobvarela.com\/index.php?rest_route=\/wp\/v2\/posts\/129791\/revisions\/129792"}],"wp:attachment":[{"href":"https:\/\/bobvarela.com\/index.php?rest_route=%2Fwp%2Fv2%2Fmedia&parent=129791"}],"wp:term":[{"taxonomy":"category","embeddable":true,"href":"https:\/\/bobvarela.com\/index.php?rest_route=%2Fwp%2Fv2%2Fcategories&post=129791"},{"taxonomy":"post_tag","embeddable":true,"href":"https:\/\/bobvarela.com\/index.php?rest_route=%2Fwp%2Fv2%2Ftags&post=129791"}],"curies":[{"name":"wp","href":"https:\/\/api.w.org\/{rel}","templated":true}]}}