{"id":130191,"date":"2019-11-19T07:51:55","date_gmt":"2019-11-19T11:51:55","guid":{"rendered":"https:\/\/bobvarela.com\/?p=130191"},"modified":"2019-11-19T07:51:55","modified_gmt":"2019-11-19T11:51:55","slug":"lisa-thon-primavera-verano-2020","status":"publish","type":"post","link":"https:\/\/bobvarela.com\/?p=130191","title":{"rendered":"Lisa Thon primavera-verano 2020"},"content":{"rendered":"<p align=\"center\"><a href=\"https:\/\/bobvarela.com\/wp-content\/uploads\/2019\/11\/IMG_1359.jpg\"><img loading=\"lazy\" decoding=\"async\" title=\"IMG_1359\" style=\"display: inline; background-image: none;\" border=\"0\" alt=\"IMG_1359\" src=\"https:\/\/bobvarela.com\/wp-content\/uploads\/2019\/11\/IMG_1359_thumb.jpg\" width=\"378\" height=\"254\" \/><\/a><\/p>\n<p align=\"justify\"><font size=\"3\">Lisa Thon presento <em>Spanish Lullaby, <\/em>su colecci\u00f3n para la primavera-verano 2020 como parte de <em>La Concha Fashion Series el 16 de octubre de 2019<\/em><\/font><\/p>\n<p align=\"justify\"><font size=\"3\">Estampados de lunares, tules bordados en hilos y lentejuelas, con colores como rojo, verde, azul <em>tiffany<\/em>, blanco y negro, formaron parte de la colecci\u00f3n que explora y recoge aires de nuestra herencia espa\u00f1ola pero con un aire ochentoso La Dise\u00f1adora incluy\u00f3 \u201cjumpsuits\u201d y varios trajes de ba\u00f1o.<\/font><\/p>\nngg_shortcode_0_placeholder\n","protected":false},"excerpt":{"rendered":"<p>Lisa Thon presento Spanish Lullaby, su colecci\u00f3n para la primavera-verano 2020 como parte de La Concha Fashion Series el 16 de octubre de 2019 Estampados de lunares, tules bordados en hilos y lentejuelas, con colores como rojo, verde, azul tiffany,&hellip;<\/p>\n<p class=\"more-link-p\"><a class=\"more-link\" href=\"https:\/\/bobvarela.com\/?p=130191\">Read more &rarr;<\/a><\/p>\n","protected":false},"author":1,"featured_media":0,"comment_status":"open","ping_status":"open","sticky":false,"template":"","format":"standard","meta":{"ngg_post_thumbnail":0,"footnotes":""},"categories":[4,295],"tags":[],"class_list":["post-130191","post","type-post","status-publish","format-standard","hentry","category-moda","category-puerto-rico"],"_links":{"self":[{"href":"https:\/\/bobvarela.com\/index.php?rest_route=\/wp\/v2\/posts\/130191","targetHints":{"allow":["GET"]}}],"collection":[{"href":"https:\/\/bobvarela.com\/index.php?rest_route=\/wp\/v2\/posts"}],"about":[{"href":"https:\/\/bobvarela.com\/index.php?rest_route=\/wp\/v2\/types\/post"}],"author":[{"embeddable":true,"href":"https:\/\/bobvarela.com\/index.php?rest_route=\/wp\/v2\/users\/1"}],"replies":[{"embeddable":true,"href":"https:\/\/bobvarela.com\/index.php?rest_route=%2Fwp%2Fv2%2Fcomments&post=130191"}],"version-history":[{"count":1,"href":"https:\/\/bobvarela.com\/index.php?rest_route=\/wp\/v2\/posts\/130191\/revisions"}],"predecessor-version":[{"id":130192,"href":"https:\/\/bobvarela.com\/index.php?rest_route=\/wp\/v2\/posts\/130191\/revisions\/130192"}],"wp:attachment":[{"href":"https:\/\/bobvarela.com\/index.php?rest_route=%2Fwp%2Fv2%2Fmedia&parent=130191"}],"wp:term":[{"taxonomy":"category","embeddable":true,"href":"https:\/\/bobvarela.com\/index.php?rest_route=%2Fwp%2Fv2%2Fcategories&post=130191"},{"taxonomy":"post_tag","embeddable":true,"href":"https:\/\/bobvarela.com\/index.php?rest_route=%2Fwp%2Fv2%2Ftags&post=130191"}],"curies":[{"name":"wp","href":"https:\/\/api.w.org\/{rel}","templated":true}]}}