{"id":130427,"date":"2020-02-04T19:28:58","date_gmt":"2020-02-04T23:28:58","guid":{"rendered":"https:\/\/bobvarela.com\/?p=130427"},"modified":"2020-02-04T19:28:58","modified_gmt":"2020-02-04T23:28:58","slug":"listos-para-15-aniversario-de-race-for-the-cure-abren-inscripciones-2020-online","status":"publish","type":"post","link":"https:\/\/bobvarela.com\/?p=130427","title":{"rendered":"LISTOS PARA 15 ANIVERSARIO DE RACE FOR THE CURE ABREN INSCRIPCIONES 2020 ONLINE"},"content":{"rendered":"<p align=\"center\"><font size=\"3\"><b><a href=\"https:\/\/bobvarela.com\/wp-content\/uploads\/2020\/02\/15anniversaryRFTC-peq.png\"><img loading=\"lazy\" decoding=\"async\" title=\"Print\" style=\"display: inline; background-image: none;\" border=\"0\" alt=\"Print\" src=\"https:\/\/bobvarela.com\/wp-content\/uploads\/2020\/02\/15anniversaryRFTC-peq_thumb.png\" width=\"472\" height=\"267\" \/><\/a><\/b><\/font><\/p>\n<p align=\"justify\"><font size=\"3\"><b>Susan G. Komen\u00ae Puerto Rico<\/b> ( SGKPR) cnunci\u00f3 que las esperadas inscripciones <i>Online <\/i>para la <b>15ta edici\u00f3n <\/b>de<b> <\/b><b>Race for the Cure\u00ae (RFTC) Puerto Rico, <\/b>ya est\u00e1n<b> <\/b>disponibles desde el 5 de febrero en<b> <a href=\"https:\/\/komenpr.com\">komenpr.com<\/a>.<\/b><\/font><\/p>\n<p align=\"justify\"><b><font size=\"3\"><\/font><\/b><\/p>\n<p align=\"justify\"><font size=\"3\">Este a\u00f1o la carrera 5K que m\u00e1s vidas transforma, celebra su 15 aniversario al caer el sol, el domingo 26 de abril e invita a todos los entusiastas, atletas, sobrevivientes, amigos y familiares, y a todo aquellos solidarios con la causa a que corran o caminen brillando en la noche en honor a mujeres valientes que forman parte de su historia. Las actividades comienzan a las 3 de la tarde y el 5K a las 6:00 p.m.<\/font><\/p>\n<p align=\"center\"><font size=\"3\"><a href=\"https:\/\/bobvarela.com\/wp-content\/uploads\/2020\/02\/57258303_10161330106770018_4593124118961848320_o.jpg\"><img loading=\"lazy\" decoding=\"async\" title=\"57258303_10161330106770018_4593124118961848320_o\" style=\"display: inline; background-image: none;\" border=\"0\" alt=\"57258303_10161330106770018_4593124118961848320_o\" src=\"https:\/\/bobvarela.com\/wp-content\/uploads\/2020\/02\/57258303_10161330106770018_4593124118961848320_o_thumb.jpg\" width=\"455\" height=\"306\" \/><\/a><\/font><\/p>\n<p align=\"justify\"><font size=\"3\">\u201cEn esta carrera tambi\u00e9n caminan miles de historias. Por 15 a\u00f1os hemos sido el 5K m\u00e1s grande y emocionante en Puerto Rico. Es un evento de unidad que brinda fortaleza y empoderamiento a miles de mujeres y sus allegados, seguros y confiados que con su inscripci\u00f3n, el 100 % se transforma en ayudas e investigaci\u00f3n que impacta directamente vidas en Puerto Rico\u201d, asegur\u00f3 Carmen V\u00e9lez, sobreviviente y directora de la carrera por cuarta ocasi\u00f3n.<\/font><\/p>\n<p align=\"justify\"><font size=\"3\"><b>Race for the Cure\u00ae <\/b>es la carrera que ha afianzado el movimiento por la concienciaci\u00f3n sobre c\u00e1ncer de seno a nivel internacional y en Puerto Rico por 15 a\u00f1os las familias han rendido honor a vidas inspiradoras. Se celebra la vida y se rinde honor a las que lucharon y dejaron sus historias como ejemplo de mujeres bravas a emular.<\/font><\/p>\n<p align=\"center\"><font size=\"3\"><a href=\"https:\/\/bobvarela.com\/wp-content\/uploads\/2020\/02\/56520053_10161330106435018_8771767109127503872_o.jpg\"><img loading=\"lazy\" decoding=\"async\" title=\"56520053_10161330106435018_8771767109127503872_o\" style=\"display: inline; background-image: none;\" border=\"0\" alt=\"56520053_10161330106435018_8771767109127503872_o\" src=\"https:\/\/bobvarela.com\/wp-content\/uploads\/2020\/02\/56520053_10161330106435018_8771767109127503872_o_thumb.jpg\" width=\"430\" height=\"289\" \/><\/a><\/font><\/p>\n<p align=\"justify\"><font size=\"3\">Cada participante corre o camina en honor a alg\u00fan ser querido que est\u00e1 luchando contra la enfermedad o en memoria de batalla de las mujeres que a\u00fan viven en sus corazones.<\/font><\/p>\n<p align=\"justify\"><font size=\"3\">La oportunidad Online es para los primeros que quieran asegurar su inscripci\u00f3n al costo especial de $27, solo en o antes del 12 de abril de 2020. Luego de esta fecha el costo ser\u00e1 $30. Las inscripciones de ni\u00f1os de 5 a 11 a\u00f1os tendr\u00e1n un costo de $22 y a partir del 13 de abril ser\u00e1 de $25. Para participar de este precio especial deber\u00e1 hacerlo en l\u00ednea o entregarla en esta misma fecha en las oficinas de <b>Komen Puerto Rico<\/b>, ubicada en 650 Ave. Mu\u00f1oz Rivera, Suite 2020. El d\u00eda de la carrera el costo de todas las inscripciones es de $40.<\/font><\/p>\n<p align=\"center\"><font size=\"3\"><a href=\"https:\/\/bobvarela.com\/wp-content\/uploads\/2020\/02\/56811488_10161330105475018_662627318203678720_o.jpg\"><img loading=\"lazy\" decoding=\"async\" title=\"56811488_10161330105475018_662627318203678720_o\" style=\"display: inline; background-image: none;\" border=\"0\" alt=\"56811488_10161330105475018_662627318203678720_o\" src=\"https:\/\/bobvarela.com\/wp-content\/uploads\/2020\/02\/56811488_10161330105475018_662627318203678720_o_thumb.jpg\" width=\"381\" height=\"256\" \/><\/a><\/font><\/p>\n<p align=\"justify\"><font size=\"3\">Cada inscripci\u00f3n incluye un boleto gratis de $2.00 para participar en el sorteo de un auto <i>Ford <\/i><i>EcoSport<\/i>, edici\u00f3n <i>Warriors in Pink 2020 <\/i>. Los inscritos estar\u00e1n participando de este sorteo con su n\u00famero de corredor\/dorsal (<i>bib number<\/i>).&#160; El ganador tiene que ser mayor de 18 a\u00f1os.&#160; En caso de ser menor, el nombre que aparezca como representante del menor ser\u00e1 el ganador del auto.<\/font><\/p>\n<p align=\"justify\"><font size=\"3\">El 100% de los fondos recaudados se quedan en la Isla para financiar programas enfocados en el cuidado continuo de la salud de los senos, que comprende pruebas de cernimiento, diagn\u00f3stico, tratamiento y programas de apoyo para pacientes de c\u00e1ncer de seno, co-sobrevivientes y sus familiares.<\/font><\/p>\n<p align=\"center\"><font size=\"3\"><a href=\"https:\/\/bobvarela.com\/wp-content\/uploads\/2020\/02\/56726563_10161330105680018_5161052540774645760_o.jpg\"><img loading=\"lazy\" decoding=\"async\" title=\"56726563_10161330105680018_5161052540774645760_o\" style=\"display: inline; background-image: none;\" border=\"0\" alt=\"56726563_10161330105680018_5161052540774645760_o\" src=\"https:\/\/bobvarela.com\/wp-content\/uploads\/2020\/02\/56726563_10161330105680018_5161052540774645760_o_thumb.jpg\" width=\"433\" height=\"291\" \/><\/a><\/font><\/p>\n<p align=\"justify\"><font size=\"3\">No solo atletas, familias, celebridades, sobrevivientes, amigos y familiares, si no que empresas, agencias de gobierno y grupos comunitarios, se unen al llamado para juntos salvar vidas y encontrar la cura para erradicar el c\u00e1ncer de seno para siempre en nuestra isla.<\/font><\/p>\n<p align=\"justify\"><font size=\"3\"><b>Race for the Cure\u00ae<\/b> regresa a los predios del Coliseo de Puerto Rico Jos\u00e9 Miguel Agrelot con la ruta m\u00e1s c\u00f3moda desde la Avenida Mu\u00f1oz Rivera y la Avenida Ponce de Le\u00f3n, a la altura la Milla de Oro y arropar\u00e1 de rosa una vez m\u00e1s la zona de Hato Rey. <\/font><\/p>\n<p align=\"justify\"><font size=\"3\">Para inscripciones en l\u00ednea y obtener m\u00e1s informaci\u00f3n sobre la carrera puede acceder <\/font><a href=\"https:\/\/www.komenpr.org\"><font size=\"3\">www.komenpr.org<\/font><\/a><font size=\"3\">, visitar <\/font><a href=\"https:\/\/facebook.com\/komenpr\"><font size=\"3\">facebook.com\/komenpr<\/font><\/a><font size=\"3\"> o comunicarse a trav\u00e9s del <\/font><a href=\"tel:(787)%20751-9096\"><font size=\"3\">787-751-9096<\/font><\/a><font size=\"3\">. <\/font><\/p>\n","protected":false},"excerpt":{"rendered":"<p>Susan G. Komen\u00ae Puerto Rico ( SGKPR) cnunci\u00f3 que las esperadas inscripciones Online para la 15ta edici\u00f3n de Race for the Cure\u00ae (RFTC) Puerto Rico, ya est\u00e1n disponibles desde el 5 de febrero en komenpr.com. Este a\u00f1o la carrera 5K&hellip;<\/p>\n<p class=\"more-link-p\"><a class=\"more-link\" href=\"https:\/\/bobvarela.com\/?p=130427\">Read more &rarr;<\/a><\/p>\n","protected":false},"author":1,"featured_media":0,"comment_status":"open","ping_status":"open","sticky":false,"template":"","format":"standard","meta":{"ngg_post_thumbnail":0,"footnotes":""},"categories":[3],"tags":[],"class_list":["post-130427","post","type-post","status-publish","format-standard","hentry","category-actividades"],"_links":{"self":[{"href":"https:\/\/bobvarela.com\/index.php?rest_route=\/wp\/v2\/posts\/130427","targetHints":{"allow":["GET"]}}],"collection":[{"href":"https:\/\/bobvarela.com\/index.php?rest_route=\/wp\/v2\/posts"}],"about":[{"href":"https:\/\/bobvarela.com\/index.php?rest_route=\/wp\/v2\/types\/post"}],"author":[{"embeddable":true,"href":"https:\/\/bobvarela.com\/index.php?rest_route=\/wp\/v2\/users\/1"}],"replies":[{"embeddable":true,"href":"https:\/\/bobvarela.com\/index.php?rest_route=%2Fwp%2Fv2%2Fcomments&post=130427"}],"version-history":[{"count":1,"href":"https:\/\/bobvarela.com\/index.php?rest_route=\/wp\/v2\/posts\/130427\/revisions"}],"predecessor-version":[{"id":130428,"href":"https:\/\/bobvarela.com\/index.php?rest_route=\/wp\/v2\/posts\/130427\/revisions\/130428"}],"wp:attachment":[{"href":"https:\/\/bobvarela.com\/index.php?rest_route=%2Fwp%2Fv2%2Fmedia&parent=130427"}],"wp:term":[{"taxonomy":"category","embeddable":true,"href":"https:\/\/bobvarela.com\/index.php?rest_route=%2Fwp%2Fv2%2Fcategories&post=130427"},{"taxonomy":"post_tag","embeddable":true,"href":"https:\/\/bobvarela.com\/index.php?rest_route=%2Fwp%2Fv2%2Ftags&post=130427"}],"curies":[{"name":"wp","href":"https:\/\/api.w.org\/{rel}","templated":true}]}}