{"id":130451,"date":"2020-02-12T07:10:49","date_gmt":"2020-02-12T11:10:49","guid":{"rendered":"https:\/\/bobvarela.com\/?p=130451"},"modified":"2020-02-12T07:10:49","modified_gmt":"2020-02-12T11:10:49","slug":"tiny-world-runway-llega-al-new-york-fashion-week","status":"publish","type":"post","link":"https:\/\/bobvarela.com\/?p=130451","title":{"rendered":"TINY WORLD RUNWAY LLEGA AL NEW YORK FASHION WEEK"},"content":{"rendered":"<p align=\"center\"><font size=\"3\"><a href=\"https:\/\/bobvarela.com\/wp-content\/uploads\/2020\/02\/2P3A9525.jpg\"><img loading=\"lazy\" decoding=\"async\" title=\"2P3A9525\" style=\"margin: 0px; display: inline; background-image: none;\" border=\"0\" alt=\"2P3A9525\" src=\"https:\/\/bobvarela.com\/wp-content\/uploads\/2020\/02\/2P3A9525_thumb.jpg\" width=\"134\" height=\"199\" \/><\/a><a href=\"https:\/\/bobvarela.com\/wp-content\/uploads\/2020\/02\/2P3A9562.jpg\"><img loading=\"lazy\" decoding=\"async\" title=\"2P3A9562\" style=\"margin: 0px; display: inline; background-image: none;\" border=\"0\" alt=\"2P3A9562\" src=\"https:\/\/bobvarela.com\/wp-content\/uploads\/2020\/02\/2P3A9562_thumb.jpg\" width=\"134\" height=\"199\" \/><\/a><a href=\"https:\/\/bobvarela.com\/wp-content\/uploads\/2020\/02\/JIP-08592.jpg\"><img loading=\"lazy\" decoding=\"async\" title=\"JIP-08592\" style=\"margin: 0px; display: inline; background-image: none;\" border=\"0\" alt=\"JIP-08592\" src=\"https:\/\/bobvarela.com\/wp-content\/uploads\/2020\/02\/JIP-08592_thumb.jpg\" width=\"134\" height=\"199\" \/><\/a><a href=\"https:\/\/bobvarela.com\/wp-content\/uploads\/2020\/02\/MG_0019.jpg\"><img loading=\"lazy\" decoding=\"async\" title=\"_MG_0019\" style=\"display: inline; background-image: none;\" border=\"0\" alt=\"_MG_0019\" src=\"https:\/\/bobvarela.com\/wp-content\/uploads\/2020\/02\/MG_0019_thumb.jpg\" width=\"134\" height=\"199\" \/><\/a><\/font><\/p>\n<p align=\"justify\"><font size=\"3\">Por primera vez el concepto de desfiles bajo el nombre Tiny World fue invitado a presentarse durante el New York Fashion Week febrero 2020. Luego de 7 a\u00f1os de existencia, logra presentarse en dos eventos en La Gran Manzana: el Plitz New York Fashion Week y Par\u00eds Chic. Donde los modelos destacaban por ser inclusivos, unidos en una pasarela. La pasarela cont\u00f3 con modelos desde 5 pies de estatura, teens, curvy, plus y caballeros.<\/font><\/p>\n<p align=\"center\"><font size=\"3\"><a href=\"https:\/\/bobvarela.com\/wp-content\/uploads\/2020\/02\/JIP-08449.jpg\"><img loading=\"lazy\" decoding=\"async\" title=\"JIP-08449\" style=\"margin: 0px; display: inline; background-image: none;\" border=\"0\" alt=\"JIP-08449\" src=\"https:\/\/bobvarela.com\/wp-content\/uploads\/2020\/02\/JIP-08449_thumb.jpg\" width=\"134\" height=\"199\" \/><\/a><a href=\"https:\/\/bobvarela.com\/wp-content\/uploads\/2020\/02\/2P3A9492.jpg\"><img loading=\"lazy\" decoding=\"async\" title=\"2P3A9492\" style=\"margin: 0px; display: inline; background-image: none;\" border=\"0\" alt=\"2P3A9492\" src=\"https:\/\/bobvarela.com\/wp-content\/uploads\/2020\/02\/2P3A9492_thumb.jpg\" width=\"134\" height=\"199\" \/><\/a><a href=\"https:\/\/bobvarela.com\/wp-content\/uploads\/2020\/02\/2P3A9503.jpg\"><img loading=\"lazy\" decoding=\"async\" title=\"2P3A9503\" style=\"margin: 0px; display: inline; background-image: none;\" border=\"0\" alt=\"2P3A9503\" src=\"https:\/\/bobvarela.com\/wp-content\/uploads\/2020\/02\/2P3A9503_thumb.jpg\" width=\"134\" height=\"199\" \/><\/a><a href=\"https:\/\/bobvarela.com\/wp-content\/uploads\/2020\/02\/2P3A9537-3.jpg\"><img loading=\"lazy\" decoding=\"async\" title=\"2P3A9537 (3)\" style=\"display: inline; background-image: none;\" border=\"0\" alt=\"2P3A9537 (3)\" src=\"https:\/\/bobvarela.com\/wp-content\/uploads\/2020\/02\/2P3A9537-3_thumb.jpg\" width=\"134\" height=\"199\" \/><\/a><\/font><\/p>\n<p align=\"justify\"><font size=\"3\">La colecci\u00f3n titulada \u201cThe Last World\u201d, presentada en Plitz New York Fashion Week es una traves\u00eda por diferentes regiones cosmopolitas de Asia. Mientras la colecci\u00f3n \u201cLife in Colors\u201d es una celebraci\u00f3n a la diversidad. Ambas colecciones fueron protagonistas para editorial de modas, en paisajes de la ciudad para el lente de Pelican Studios y Jose Izquierdo Photography.<\/font><\/p>\n<p align=\"center\"><font size=\"3\"><a href=\"https:\/\/bobvarela.com\/wp-content\/uploads\/2020\/02\/JIP-08688.jpg\"><img loading=\"lazy\" decoding=\"async\" title=\"JIP-08688\" style=\"margin: 0px; display: inline; background-image: none;\" border=\"0\" alt=\"JIP-08688\" src=\"https:\/\/bobvarela.com\/wp-content\/uploads\/2020\/02\/JIP-08688_thumb.jpg\" width=\"134\" height=\"199\" \/><\/a><a href=\"https:\/\/bobvarela.com\/wp-content\/uploads\/2020\/02\/JIP-08560-1.jpg\"><img loading=\"lazy\" decoding=\"async\" title=\"JIP-08560 (1)\" style=\"margin: 0px; display: inline; background-image: none;\" border=\"0\" alt=\"JIP-08560 (1)\" src=\"https:\/\/bobvarela.com\/wp-content\/uploads\/2020\/02\/JIP-08560-1_thumb.jpg\" width=\"134\" height=\"199\" \/><\/a><a href=\"https:\/\/bobvarela.com\/wp-content\/uploads\/2020\/02\/JIP-08662.jpg\"><img loading=\"lazy\" decoding=\"async\" title=\"JIP-08662\" style=\"display: inline; background-image: none;\" border=\"0\" alt=\"JIP-08662\" src=\"https:\/\/bobvarela.com\/wp-content\/uploads\/2020\/02\/JIP-08662_thumb.jpg\" width=\"134\" height=\"199\" \/><\/a><\/font><\/p>\n<p align=\"justify\"><font size=\"3\">Llegar a presentar en NYFW nuestro concepto Tiny World es una se\u00f1al de que nuestra labor previa durante estos 7a\u00f1os ha creado un sitial en las pasarelas. Algo que pens\u00e1bamos ser\u00eda un solo evento, ya se ha convertido en una tradici\u00f3n que muchos han emulado. Al inicio nos dec\u00edan, un modelo petite o diferente a los par\u00e1metros establecidos no pod\u00edan estar en una pasarela profesional y con eventos de calidad. Sin embargo, demostramos que cualquier modelo con compromiso y pasi\u00f3n puede ser igual o m\u00e1s profesional que uno tradicional, demostrando que \u201cla proyecci\u00f3n no tiene medidas\u2019\u2019, expres\u00f3 Juan Col\u00f3n.<\/font><\/p>\n","protected":false},"excerpt":{"rendered":"<p>Por primera vez el concepto de desfiles bajo el nombre Tiny World fue invitado a presentarse durante el New York Fashion Week febrero 2020. Luego de 7 a\u00f1os de existencia, logra presentarse en dos eventos en La Gran Manzana: el&hellip;<\/p>\n<p class=\"more-link-p\"><a class=\"more-link\" href=\"https:\/\/bobvarela.com\/?p=130451\">Read more &rarr;<\/a><\/p>\n","protected":false},"author":1,"featured_media":0,"comment_status":"open","ping_status":"open","sticky":false,"template":"","format":"standard","meta":{"ngg_post_thumbnail":0,"footnotes":""},"categories":[5,4,422,510],"tags":[],"class_list":["post-130451","post","type-post","status-publish","format-standard","hentry","category-concursos","category-moda","category-new-york","category-tiny"],"_links":{"self":[{"href":"https:\/\/bobvarela.com\/index.php?rest_route=\/wp\/v2\/posts\/130451","targetHints":{"allow":["GET"]}}],"collection":[{"href":"https:\/\/bobvarela.com\/index.php?rest_route=\/wp\/v2\/posts"}],"about":[{"href":"https:\/\/bobvarela.com\/index.php?rest_route=\/wp\/v2\/types\/post"}],"author":[{"embeddable":true,"href":"https:\/\/bobvarela.com\/index.php?rest_route=\/wp\/v2\/users\/1"}],"replies":[{"embeddable":true,"href":"https:\/\/bobvarela.com\/index.php?rest_route=%2Fwp%2Fv2%2Fcomments&post=130451"}],"version-history":[{"count":1,"href":"https:\/\/bobvarela.com\/index.php?rest_route=\/wp\/v2\/posts\/130451\/revisions"}],"predecessor-version":[{"id":130452,"href":"https:\/\/bobvarela.com\/index.php?rest_route=\/wp\/v2\/posts\/130451\/revisions\/130452"}],"wp:attachment":[{"href":"https:\/\/bobvarela.com\/index.php?rest_route=%2Fwp%2Fv2%2Fmedia&parent=130451"}],"wp:term":[{"taxonomy":"category","embeddable":true,"href":"https:\/\/bobvarela.com\/index.php?rest_route=%2Fwp%2Fv2%2Fcategories&post=130451"},{"taxonomy":"post_tag","embeddable":true,"href":"https:\/\/bobvarela.com\/index.php?rest_route=%2Fwp%2Fv2%2Ftags&post=130451"}],"curies":[{"name":"wp","href":"https:\/\/api.w.org\/{rel}","templated":true}]}}