{"id":131483,"date":"2020-07-28T08:22:00","date_gmt":"2020-07-28T12:22:00","guid":{"rendered":"https:\/\/bobvarela.com\/?p=131483"},"modified":"2020-07-28T08:22:00","modified_gmt":"2020-07-28T12:22:00","slug":"v-barcelona-coleccin_renaissance","status":"publish","type":"post","link":"https:\/\/bobvarela.com\/?p=131483","title":{"rendered":"V&uacute; Barcelona Colecci&oacute;n_RENAISSANCE"},"content":{"rendered":"<p align=\"justify\"><font size=\"3\">40 a\u00f1os dan para mucho pero no acaban con Verd\u00fa. Esta colecci\u00f3n quiere conmemorar los 40 a\u00f1os de presencia de Joaqu\u00edn Verd\u00fa en el mundo de la moda, aunque no pretende ser una retrospectiva ni una recopilaci\u00f3n de una trayectoria vital. M\u00e1s bien al contrario, es el renacimiento de la esencia del punto transportada al momento actual mediante la inspiraci\u00f3n desenfrenada de Joaqu\u00edn Verd\u00fa.<\/font><\/p>\n<p align=\"justify\"><font size=\"3\">Nuevos materiales, nuevas tramas, que permiten crear vol\u00famenes y formas desconocidas hasta ahora en punto. Colores oscuros, negro, grises, rojo, combinados con rosa, salm\u00f3n\u2026 Inspirado en un renacimiento que desprende una nueva ideolog\u00eda, fresca, renovada, refinada, altiva\u2026<\/font><\/p>\nngg_shortcode_0_placeholder\n","protected":false},"excerpt":{"rendered":"<p>40 a\u00f1os dan para mucho pero no acaban con Verd\u00fa. Esta colecci\u00f3n quiere conmemorar los 40 a\u00f1os de presencia de Joaqu\u00edn Verd\u00fa en el mundo de la moda, aunque no pretende ser una retrospectiva ni una recopilaci\u00f3n de una trayectoria&hellip;<\/p>\n<p class=\"more-link-p\"><a class=\"more-link\" href=\"https:\/\/bobvarela.com\/?p=131483\">Read more &rarr;<\/a><\/p>\n","protected":false},"author":1,"featured_media":0,"comment_status":"open","ping_status":"open","sticky":false,"template":"","format":"standard","meta":{"ngg_post_thumbnail":0,"footnotes":""},"categories":[478,4],"tags":[],"class_list":["post-131483","post","type-post","status-publish","format-standard","hentry","category-080-barcelona","category-moda"],"_links":{"self":[{"href":"https:\/\/bobvarela.com\/index.php?rest_route=\/wp\/v2\/posts\/131483","targetHints":{"allow":["GET"]}}],"collection":[{"href":"https:\/\/bobvarela.com\/index.php?rest_route=\/wp\/v2\/posts"}],"about":[{"href":"https:\/\/bobvarela.com\/index.php?rest_route=\/wp\/v2\/types\/post"}],"author":[{"embeddable":true,"href":"https:\/\/bobvarela.com\/index.php?rest_route=\/wp\/v2\/users\/1"}],"replies":[{"embeddable":true,"href":"https:\/\/bobvarela.com\/index.php?rest_route=%2Fwp%2Fv2%2Fcomments&post=131483"}],"version-history":[{"count":1,"href":"https:\/\/bobvarela.com\/index.php?rest_route=\/wp\/v2\/posts\/131483\/revisions"}],"predecessor-version":[{"id":131484,"href":"https:\/\/bobvarela.com\/index.php?rest_route=\/wp\/v2\/posts\/131483\/revisions\/131484"}],"wp:attachment":[{"href":"https:\/\/bobvarela.com\/index.php?rest_route=%2Fwp%2Fv2%2Fmedia&parent=131483"}],"wp:term":[{"taxonomy":"category","embeddable":true,"href":"https:\/\/bobvarela.com\/index.php?rest_route=%2Fwp%2Fv2%2Fcategories&post=131483"},{"taxonomy":"post_tag","embeddable":true,"href":"https:\/\/bobvarela.com\/index.php?rest_route=%2Fwp%2Fv2%2Ftags&post=131483"}],"curies":[{"name":"wp","href":"https:\/\/api.w.org\/{rel}","templated":true}]}}