{"id":131737,"date":"2020-09-11T14:27:53","date_gmt":"2020-09-11T18:27:53","guid":{"rendered":"https:\/\/bobvarela.com\/?p=131737"},"modified":"2020-09-11T14:27:53","modified_gmt":"2020-09-11T18:27:53","slug":"coleccin-spring-summer-2021-de-marcos-luengo-en-el-mbfwmadrid","status":"publish","type":"post","link":"https:\/\/bobvarela.com\/?p=131737","title":{"rendered":"Colecci&oacute;n Spring\/Summer 2021 de Marcos Luengo en el MBFWMadrid"},"content":{"rendered":"<p align=\"center\"><font size=\"3\"><a href=\"https:\/\/bobvarela.com\/wp-content\/uploads\/2020\/09\/PS20_Marcos_Luengo_1016.jpg\"><img loading=\"lazy\" decoding=\"async\" title=\"PS20_Marcos_Luengo_1016\" style=\"display: inline; background-image: none;\" border=\"0\" alt=\"PS20_Marcos_Luengo_1016\" src=\"https:\/\/bobvarela.com\/wp-content\/uploads\/2020\/09\/PS20_Marcos_Luengo_1016_thumb.jpg\" width=\"580\" height=\"389\" \/><\/a><\/font><\/p>\n<p align=\"justify\"><font size=\"3\">Los cuadros geom\u00e9tricos del pintor guatamalteco Alexander Zuleta, inspiran la nueva colecci\u00f3n Spring\/Summer 2021en la que est\u00e1 muy presente los colores de la artesan\u00eda centroamericana.<\/font><\/p>\n<p align=\"justify\"><font size=\"3\">En esta colecci\u00f3n Marcos Luengo nos presenta unos estampados realizados en base a los cuadros del artista, representados en linos pesados, crepes, rasos, gasas, muselinas, tafetas y organzas de seda natural<\/font><\/p>\n<p align=\"justify\">ngg_shortcode_0_placeholder<\/p>\n","protected":false},"excerpt":{"rendered":"<p>Los cuadros geom\u00e9tricos del pintor guatamalteco Alexander Zuleta, inspiran la nueva colecci\u00f3n Spring\/Summer 2021en la que est\u00e1 muy presente los colores de la artesan\u00eda centroamericana. En esta colecci\u00f3n Marcos Luengo nos presenta unos estampados realizados en base a los cuadros&hellip;<\/p>\n<p class=\"more-link-p\"><a class=\"more-link\" href=\"https:\/\/bobvarela.com\/?p=131737\">Read more &rarr;<\/a><\/p>\n","protected":false},"author":1,"featured_media":0,"comment_status":"open","ping_status":"open","sticky":false,"template":"","format":"standard","meta":{"ngg_post_thumbnail":0,"footnotes":""},"categories":[265,4],"tags":[],"class_list":["post-131737","post","type-post","status-publish","format-standard","hentry","category-mercedes-benz-fashion-week","category-moda"],"_links":{"self":[{"href":"https:\/\/bobvarela.com\/index.php?rest_route=\/wp\/v2\/posts\/131737","targetHints":{"allow":["GET"]}}],"collection":[{"href":"https:\/\/bobvarela.com\/index.php?rest_route=\/wp\/v2\/posts"}],"about":[{"href":"https:\/\/bobvarela.com\/index.php?rest_route=\/wp\/v2\/types\/post"}],"author":[{"embeddable":true,"href":"https:\/\/bobvarela.com\/index.php?rest_route=\/wp\/v2\/users\/1"}],"replies":[{"embeddable":true,"href":"https:\/\/bobvarela.com\/index.php?rest_route=%2Fwp%2Fv2%2Fcomments&post=131737"}],"version-history":[{"count":1,"href":"https:\/\/bobvarela.com\/index.php?rest_route=\/wp\/v2\/posts\/131737\/revisions"}],"predecessor-version":[{"id":131738,"href":"https:\/\/bobvarela.com\/index.php?rest_route=\/wp\/v2\/posts\/131737\/revisions\/131738"}],"wp:attachment":[{"href":"https:\/\/bobvarela.com\/index.php?rest_route=%2Fwp%2Fv2%2Fmedia&parent=131737"}],"wp:term":[{"taxonomy":"category","embeddable":true,"href":"https:\/\/bobvarela.com\/index.php?rest_route=%2Fwp%2Fv2%2Fcategories&post=131737"},{"taxonomy":"post_tag","embeddable":true,"href":"https:\/\/bobvarela.com\/index.php?rest_route=%2Fwp%2Fv2%2Ftags&post=131737"}],"curies":[{"name":"wp","href":"https:\/\/api.w.org\/{rel}","templated":true}]}}