{"id":131984,"date":"2020-09-14T13:52:34","date_gmt":"2020-09-14T17:52:34","guid":{"rendered":"https:\/\/bobvarela.com\/?p=131984"},"modified":"2020-09-14T14:01:51","modified_gmt":"2020-09-14T18:01:51","slug":"custo-barcelona-presenta-su-coleccin-wake-up-world-ss21-en-el-mbfwmadrid","status":"publish","type":"post","link":"https:\/\/bobvarela.com\/?p=131984","title":{"rendered":"CUSTO BARCELONA PRESENTA SU  Colecci&oacute;n  Wake Up World SS21 en el MBFWMADRID"},"content":{"rendered":"<p align=\"center\"><font size=\"3\"><a href=\"https:\/\/bobvarela.com\/wp-content\/uploads\/2020\/09\/PS20_Custo_Barcelona_1322.jpg\"><img loading=\"lazy\" decoding=\"async\" width=\"479\" height=\"323\" title=\"PS20_Custo_Barcelona_1322\" style=\"display: inline; background-image: none;\" alt=\"PS20_Custo_Barcelona_1322\" src=\"https:\/\/bobvarela.com\/wp-content\/uploads\/2020\/09\/PS20_Custo_Barcelona_1322_thumb.jpg\" border=\"0\"\/><\/a><\/font><\/p>\n<p align=\"justify\"><font size=\"3\">Wake Up World es una declaraci\u00f3n de principios: Despierta, mundo.<\/font><\/p>\n<p align=\"justify\"><font size=\"3\">Una nueva conciencia, m\u00e1s elevada y alineada con el respeto por la naturelaza, los animales y los seres humanos. Una oda al respeto, un pararse a admirar la belleza que nos rodea y a ser en definitiva m\u00e1s humanos tras estos largos meses de confinamiento.<\/font><\/p>\n<p align=\"justify\"><font size=\"3\">Materiales tecnol\u00f3gicos para construir siluetas experimentales.&nbsp; Creatividad&nbsp; e innovaci\u00f3n son los objetivos de cada pieza.&nbsp; El color blanco es el protagonista mezclado con brillos y efectos \u00f3pticos.<\/font><\/p>\n<p align=\"justify\"><font size=\"3\">M\u00e1s que una recopilaci\u00f3n de looks que desfilan en una pasarela, esta colecci\u00f3n se erige como un punto de inflexi\u00f3n conceptual ante los tiempos en los que estamos inmersos.<\/font><\/p>\n<p align=\"justify\"><font size=\"3\">ngg_shortcode_0_placeholder<\/font><\/p>\n","protected":false},"excerpt":{"rendered":"<p>Wake Up World es una declaraci\u00f3n de principios: Despierta, mundo. Una nueva conciencia, m\u00e1s elevada y alineada con el respeto por la naturelaza, los animales y los seres humanos. Una oda al respeto, un pararse a admirar la belleza que&hellip;<\/p>\n<p class=\"more-link-p\"><a class=\"more-link\" href=\"https:\/\/bobvarela.com\/?p=131984\">Read more &rarr;<\/a><\/p>\n","protected":false},"author":1,"featured_media":0,"comment_status":"open","ping_status":"open","sticky":false,"template":"","format":"standard","meta":{"ngg_post_thumbnail":0,"footnotes":""},"categories":[265,4],"tags":[],"class_list":["post-131984","post","type-post","status-publish","format-standard","hentry","category-mercedes-benz-fashion-week","category-moda"],"_links":{"self":[{"href":"https:\/\/bobvarela.com\/index.php?rest_route=\/wp\/v2\/posts\/131984","targetHints":{"allow":["GET"]}}],"collection":[{"href":"https:\/\/bobvarela.com\/index.php?rest_route=\/wp\/v2\/posts"}],"about":[{"href":"https:\/\/bobvarela.com\/index.php?rest_route=\/wp\/v2\/types\/post"}],"author":[{"embeddable":true,"href":"https:\/\/bobvarela.com\/index.php?rest_route=\/wp\/v2\/users\/1"}],"replies":[{"embeddable":true,"href":"https:\/\/bobvarela.com\/index.php?rest_route=%2Fwp%2Fv2%2Fcomments&post=131984"}],"version-history":[{"count":1,"href":"https:\/\/bobvarela.com\/index.php?rest_route=\/wp\/v2\/posts\/131984\/revisions"}],"predecessor-version":[{"id":131985,"href":"https:\/\/bobvarela.com\/index.php?rest_route=\/wp\/v2\/posts\/131984\/revisions\/131985"}],"wp:attachment":[{"href":"https:\/\/bobvarela.com\/index.php?rest_route=%2Fwp%2Fv2%2Fmedia&parent=131984"}],"wp:term":[{"taxonomy":"category","embeddable":true,"href":"https:\/\/bobvarela.com\/index.php?rest_route=%2Fwp%2Fv2%2Fcategories&post=131984"},{"taxonomy":"post_tag","embeddable":true,"href":"https:\/\/bobvarela.com\/index.php?rest_route=%2Fwp%2Fv2%2Ftags&post=131984"}],"curies":[{"name":"wp","href":"https:\/\/api.w.org\/{rel}","templated":true}]}}