{"id":136226,"date":"2021-03-08T07:01:56","date_gmt":"2021-03-08T11:01:56","guid":{"rendered":"https:\/\/bobvarela.com\/?p=136226"},"modified":"2021-03-08T07:01:56","modified_gmt":"2021-03-08T11:01:56","slug":"coperni-otoo-invierno-2021","status":"publish","type":"post","link":"https:\/\/bobvarela.com\/?p=136226","title":{"rendered":"Coperni Oto&ntilde;o Invierno 2021"},"content":{"rendered":"<p align=\"justify\"><font size=\"3\">Los cofundadores de Coperni, S\u00e9bastien Meyer y Arnaud Vaillant, introdujeron una flota de 36 autom\u00f3viles que transportaban a 70 invitados al AccorHotels Arena de Par\u00eds, con capacidad para 20,100 asientos. Los conductores usaron sus faros para iluminar los modelos que caminaban entre ellos en la colecci\u00f3n oto\u00f1o-invierno 2021 de la marca.<\/font><\/p>\n<p align=\"justify\"><font size=\"3\">La colecci\u00f3n, explicaron los dise\u00f1adores, era una oda de dos puntas a la noche, inspirada tanto en la escena de la vida nocturna de Par\u00eds antes del Covid-19 (la banda sonora techno fue ordenada por Clara 3000, una DJ y amiga del d\u00fao) como en la comodidad. de una noche adentro. Eso signific\u00f3 que los conjuntos saltaran de minivestidos ce\u00f1idos, botas de cuero hasta los muslos y blazers de hombros llamativos a pantalones sueltos y abrigos llamativos cortados con telas esponjosas.<br \/>&#8220;Es una respuesta a lo que estamos viviendo ahora, porque por un lado queremos volver a ser sexys y divertirnos &#8230; y por otro lado, llevamos un a\u00f1o en pijama&#8221;, dijo Vaillant. explicado. &#8220;Queremos fusionar estas dos siluetas y dos aspectos&#8221;.<\/font><\/p>\n<p align=\"justify\">ngg_shortcode_0_placeholder<\/p>\n<p align=\"justify\"><font size=\"3\"><br \/><\/font><\/p>\n","protected":false},"excerpt":{"rendered":"<p>Los cofundadores de Coperni, S\u00e9bastien Meyer y Arnaud Vaillant, introdujeron una flota de 36 autom\u00f3viles que transportaban a 70 invitados al AccorHotels Arena de Par\u00eds, con capacidad para 20,100 asientos. Los conductores usaron sus faros para iluminar los modelos que&hellip;<\/p>\n<p class=\"more-link-p\"><a class=\"more-link\" href=\"https:\/\/bobvarela.com\/?p=136226\">Read more &rarr;<\/a><\/p>\n","protected":false},"author":1,"featured_media":0,"comment_status":"open","ping_status":"open","sticky":false,"template":"","format":"standard","meta":{"ngg_post_thumbnail":0,"footnotes":""},"categories":[4],"tags":[],"class_list":["post-136226","post","type-post","status-publish","format-standard","hentry","category-moda"],"_links":{"self":[{"href":"https:\/\/bobvarela.com\/index.php?rest_route=\/wp\/v2\/posts\/136226","targetHints":{"allow":["GET"]}}],"collection":[{"href":"https:\/\/bobvarela.com\/index.php?rest_route=\/wp\/v2\/posts"}],"about":[{"href":"https:\/\/bobvarela.com\/index.php?rest_route=\/wp\/v2\/types\/post"}],"author":[{"embeddable":true,"href":"https:\/\/bobvarela.com\/index.php?rest_route=\/wp\/v2\/users\/1"}],"replies":[{"embeddable":true,"href":"https:\/\/bobvarela.com\/index.php?rest_route=%2Fwp%2Fv2%2Fcomments&post=136226"}],"version-history":[{"count":1,"href":"https:\/\/bobvarela.com\/index.php?rest_route=\/wp\/v2\/posts\/136226\/revisions"}],"predecessor-version":[{"id":136227,"href":"https:\/\/bobvarela.com\/index.php?rest_route=\/wp\/v2\/posts\/136226\/revisions\/136227"}],"wp:attachment":[{"href":"https:\/\/bobvarela.com\/index.php?rest_route=%2Fwp%2Fv2%2Fmedia&parent=136226"}],"wp:term":[{"taxonomy":"category","embeddable":true,"href":"https:\/\/bobvarela.com\/index.php?rest_route=%2Fwp%2Fv2%2Fcategories&post=136226"},{"taxonomy":"post_tag","embeddable":true,"href":"https:\/\/bobvarela.com\/index.php?rest_route=%2Fwp%2Fv2%2Ftags&post=136226"}],"curies":[{"name":"wp","href":"https:\/\/api.w.org\/{rel}","templated":true}]}}