{"id":136366,"date":"2021-03-10T16:38:48","date_gmt":"2021-03-10T20:38:48","guid":{"rendered":"https:\/\/bobvarela.com\/?p=136366"},"modified":"2021-03-10T16:38:48","modified_gmt":"2021-03-10T20:38:48","slug":"puerto-rico-acoger-en-diciembre-la-final-del-certamen-de-belleza-miss-mundo-2021","status":"publish","type":"post","link":"https:\/\/bobvarela.com\/?p=136366","title":{"rendered":"Puerto Rico acoger&aacute; en diciembre la final del certamen de belleza Miss Mundo 2021"},"content":{"rendered":"<p align=\"center\"><font size=\"3\"><a href=\"https:\/\/bobvarela.com\/wp-content\/uploads\/2021\/03\/IMG_0218.jpg\"><img loading=\"lazy\" decoding=\"async\" width=\"433\" height=\"229\" title=\"IMG_0218\" style=\"display: inline; background-image: none;\" alt=\"IMG_0218\" src=\"https:\/\/bobvarela.com\/wp-content\/uploads\/2021\/03\/IMG_0218_thumb.jpg\" border=\"0\"\/><\/a><\/font><\/p>\n<p align=\"justify\"><font size=\"3\">Puerto Rico ser\u00e1 la sede del certamen Miss Mundo 2021 en su <\/font><a href=\"https:\/\/www.youtube.com\/watch?v=fmO941fCA80&amp;fbclid=IwAR03SMrwNugI2lAEuVy_5XvNvDbUnNPtGyX3a3PdO5Uf9wwSPzqtkiAxWBw\"><font size=\"3\">70 aniversario<\/font><\/a><font size=\"3\">, as\u00ed lo anunciaron este mi\u00e9rcoles sus organizadores en una rueda de prensa.<\/font><\/p>\n<p align=\"justify\"><font size=\"3\">De esta manera, la isla ser\u00e1 el primer pa\u00eds hispanohablante que organiza el prestigioso certamen. La realizaci\u00f3n de este evento representar\u00e1 ingresos estimados en <strong>150 millones de d\u00f3lares<\/strong> para Puerto Rico<\/font><\/p>\n<p align=\"justify\"><font size=\"3\">La cita ser\u00e1 el <strong>16 de diciembre<\/strong> en el Coca Cola Music Hall, ubicado en el Distrito de Convenciones en San Juan.<\/font><\/p>\n<p align=\"center\"><font size=\"3\"><a href=\"https:\/\/bobvarela.com\/wp-content\/uploads\/2021\/03\/IMG_0043.jpg\"><img loading=\"lazy\" decoding=\"async\" width=\"134\" height=\"199\" title=\"IMG_0043\" style=\"margin: 0px; display: inline; background-image: none;\" alt=\"IMG_0043\" src=\"https:\/\/bobvarela.com\/wp-content\/uploads\/2021\/03\/IMG_0043_thumb.jpg\" border=\"0\"\/><\/a><a href=\"https:\/\/bobvarela.com\/wp-content\/uploads\/2021\/03\/IMG_0091.jpg\"><img loading=\"lazy\" decoding=\"async\" width=\"134\" height=\"199\" title=\"IMG_0091\" style=\"margin: 0px; display: inline; background-image: none;\" alt=\"IMG_0091\" src=\"https:\/\/bobvarela.com\/wp-content\/uploads\/2021\/03\/IMG_0091_thumb.jpg\" border=\"0\"\/><\/a><a href=\"https:\/\/bobvarela.com\/wp-content\/uploads\/2021\/03\/IMG_0095.jpg\"><img loading=\"lazy\" decoding=\"async\" width=\"134\" height=\"199\" title=\"IMG_0095\" style=\"display: inline; background-image: none;\" alt=\"IMG_0095\" src=\"https:\/\/bobvarela.com\/wp-content\/uploads\/2021\/03\/IMG_0095_thumb.jpg\" border=\"0\"\/><\/a><\/font><\/p>\n<p align=\"justify\"><font size=\"3\">Julia Morley, presidenta del certamen, indic\u00f3 que deleg\u00f3 a la puertorrique\u00f1a Stephanie Del Valle, Miss Mundo 2016, como l\u00edder en las negociaciones para la planificaci\u00f3n del certamen 2021.<\/font><\/p>\n<p align=\"justify\"><font size=\"3\">\u00abEs una gran oportunidad poder proyectar a Puerto Rico, especialmente en una transmisi\u00f3n en vivo a una audiencia de 2.000 millones de personas en m\u00e1s de 100 pa\u00edses donde se destacar\u00e1 a la isla como destino tur\u00edstico\u00bb, dijo Miss Mundo 2016.<\/font><\/p>\n<p align=\"justify\"><font size=\"3\">Al menos 120 concursantes participar\u00e1n en el concurso de belleza y se mediar\u00e1n en las competencias de talento, deportes, top Model, multimedia, Beauty with a Purpose y el debate cara a cara.<\/font><\/p>\n<p align=\"center\"><font size=\"3\"><a href=\"https:\/\/bobvarela.com\/wp-content\/uploads\/2021\/03\/IMG_0163.jpg\"><img loading=\"lazy\" decoding=\"async\" width=\"522\" height=\"271\" title=\"IMG_0163\" style=\"display: inline; background-image: none;\" alt=\"IMG_0163\" src=\"https:\/\/bobvarela.com\/wp-content\/uploads\/2021\/03\/IMG_0163_thumb.jpg\" border=\"0\"\/><\/a><\/font><\/p>\n<p align=\"justify\"><font size=\"3\">Para la final del Miss Mundo 2021 y con el objetivo de conmemorar su 70 aniversario, ser\u00e1n invitadas todas las reinas del certamen.<\/font><\/p>\n<p align=\"justify\"><font size=\"3\">Solo 15 latinas han logrado ganar este prestigioso concurso de belleza en los \u00faltimos 69 a\u00f1os, Entre los pa\u00edses ganadores se encuentran Venezuela (6), Puerto Rico (2), Per\u00fa (2), Argentina (2), Rep\u00fablica Dominicana (1), Brasil (1) y M\u00e9xico (1).<\/font><\/p>\n<p align=\"center\"><font size=\"3\"><a href=\"https:\/\/bobvarela.com\/wp-content\/uploads\/2021\/03\/IMG_0128.jpg\"><img loading=\"lazy\" decoding=\"async\" width=\"214\" height=\"145\" title=\"IMG_0128\" style=\"display: inline; background-image: none;\" alt=\"IMG_0128\" src=\"https:\/\/bobvarela.com\/wp-content\/uploads\/2021\/03\/IMG_0128_thumb.jpg\" border=\"0\"\/><\/a><a href=\"https:\/\/bobvarela.com\/wp-content\/uploads\/2021\/03\/IMG_0176.jpg\"><img loading=\"lazy\" decoding=\"async\" width=\"237\" height=\"135\" title=\"IMG_0176\" style=\"display: inline; background-image: none;\" alt=\"IMG_0176\" src=\"https:\/\/bobvarela.com\/wp-content\/uploads\/2021\/03\/IMG_0176_thumb.jpg\" border=\"0\"\/><\/a><a href=\"https:\/\/bobvarela.com\/wp-content\/uploads\/2021\/03\/IMG_0183.jpg\"><img loading=\"lazy\" decoding=\"async\" width=\"234\" height=\"128\" title=\"IMG_0183\" style=\"display: inline; background-image: none;\" alt=\"IMG_0183\" src=\"https:\/\/bobvarela.com\/wp-content\/uploads\/2021\/03\/IMG_0183_thumb.jpg\" border=\"0\"\/><\/a><\/font><\/p>\n<p align=\"justify\"><font size=\"3\">El reinado internacional de belleza, creado en 1951, tiene como prop\u00f3sito principal empoderar a la mujer y ayudar a grandes causas alrededor del mundo.<\/font><\/p>\n<p align=\"center\">\n","protected":false},"excerpt":{"rendered":"<p>Puerto Rico ser\u00e1 la sede del certamen Miss Mundo 2021 en su 70 aniversario, as\u00ed lo anunciaron este mi\u00e9rcoles sus organizadores en una rueda de prensa. De esta manera, la isla ser\u00e1 el primer pa\u00eds hispanohablante que organiza el prestigioso&hellip;<\/p>\n<p class=\"more-link-p\"><a class=\"more-link\" href=\"https:\/\/bobvarela.com\/?p=136366\">Read more &rarr;<\/a><\/p>\n","protected":false},"author":1,"featured_media":0,"comment_status":"open","ping_status":"open","sticky":false,"template":"","format":"standard","meta":{"ngg_post_thumbnail":0,"footnotes":""},"categories":[5,165],"tags":[],"class_list":["post-136366","post","type-post","status-publish","format-standard","hentry","category-concursos","category-mundo"],"_links":{"self":[{"href":"https:\/\/bobvarela.com\/index.php?rest_route=\/wp\/v2\/posts\/136366","targetHints":{"allow":["GET"]}}],"collection":[{"href":"https:\/\/bobvarela.com\/index.php?rest_route=\/wp\/v2\/posts"}],"about":[{"href":"https:\/\/bobvarela.com\/index.php?rest_route=\/wp\/v2\/types\/post"}],"author":[{"embeddable":true,"href":"https:\/\/bobvarela.com\/index.php?rest_route=\/wp\/v2\/users\/1"}],"replies":[{"embeddable":true,"href":"https:\/\/bobvarela.com\/index.php?rest_route=%2Fwp%2Fv2%2Fcomments&post=136366"}],"version-history":[{"count":1,"href":"https:\/\/bobvarela.com\/index.php?rest_route=\/wp\/v2\/posts\/136366\/revisions"}],"predecessor-version":[{"id":136367,"href":"https:\/\/bobvarela.com\/index.php?rest_route=\/wp\/v2\/posts\/136366\/revisions\/136367"}],"wp:attachment":[{"href":"https:\/\/bobvarela.com\/index.php?rest_route=%2Fwp%2Fv2%2Fmedia&parent=136366"}],"wp:term":[{"taxonomy":"category","embeddable":true,"href":"https:\/\/bobvarela.com\/index.php?rest_route=%2Fwp%2Fv2%2Fcategories&post=136366"},{"taxonomy":"post_tag","embeddable":true,"href":"https:\/\/bobvarela.com\/index.php?rest_route=%2Fwp%2Fv2%2Ftags&post=136366"}],"curies":[{"name":"wp","href":"https:\/\/api.w.org\/{rel}","templated":true}]}}