{"id":136541,"date":"2021-03-17T17:23:51","date_gmt":"2021-03-17T21:23:51","guid":{"rendered":"https:\/\/bobvarela.com\/?p=136541"},"modified":"2021-03-17T17:23:51","modified_gmt":"2021-03-17T21:23:51","slug":"conferencia-de-prensa-de-miss-mundo-puerto-rico-2021","status":"publish","type":"post","link":"https:\/\/bobvarela.com\/?p=136541","title":{"rendered":"Conferencia de Prensa de Miss Mundo Puerto Rico 2021"},"content":{"rendered":"<p align=\"center\"><font size=\"3\"><a href=\"https:\/\/bobvarela.com\/wp-content\/uploads\/2021\/03\/IMG_0437.jpg\"><img loading=\"lazy\" decoding=\"async\" width=\"503\" height=\"211\" title=\"IMG_0437\" style=\"display: inline; background-image: none;\" alt=\"IMG_0437\" src=\"https:\/\/bobvarela.com\/wp-content\/uploads\/2021\/03\/IMG_0437_thumb.jpg\" border=\"0\"\/><\/a><\/font><\/p>\n<p align=\"justify\"><font size=\"3\">Las&nbsp; candidatas de Miss Mundo de Puerto Rico tendran&nbsp; la noche final del certamen, denominada Festival de Belleza y Prop\u00f3sito, el 24 de abril con transmisi\u00f3n por TeleOnce, a las 8:00 p.m.<\/font><\/p>\n<p align=\"justify\"><font size=\"3\">\u201cEstas j\u00f3venes han sido muy perseverantes, durante todo este proceso en el que hemos tenido que limitar las actividades de la organizaci\u00f3n como consecuencia de tiempo que vivimos\u201d, sostuvo Wilnelia Merced, primera puertorrique\u00f1a en ganar la corona internacional de Miss Mundo en 1975.<\/font><\/p>\n<p align=\"center\"><a href=\"https:\/\/bobvarela.com\/wp-content\/uploads\/2021\/03\/IMG_0514.jpg\"><img loading=\"lazy\" decoding=\"async\" width=\"144\" height=\"144\" title=\"IMG_0514\" style=\"display: inline; background-image: none;\" alt=\"IMG_0514\" src=\"https:\/\/bobvarela.com\/wp-content\/uploads\/2021\/03\/IMG_0514_thumb.jpg\" border=\"0\"\/><\/a><a href=\"https:\/\/bobvarela.com\/wp-content\/uploads\/2021\/03\/IMG_0304.jpg\"><img loading=\"lazy\" decoding=\"async\" width=\"166\" height=\"146\" title=\"IMG_0304\" style=\"display: inline; background-image: none;\" alt=\"IMG_0304\" src=\"https:\/\/bobvarela.com\/wp-content\/uploads\/2021\/03\/IMG_0304_thumb.jpg\" border=\"0\"\/><\/a><a href=\"https:\/\/bobvarela.com\/wp-content\/uploads\/2021\/03\/IMG_0363.jpg\"><img loading=\"lazy\" decoding=\"async\" width=\"134\" height=\"151\" title=\"IMG_0363\" style=\"margin: 0px; display: inline; background-image: none;\" alt=\"IMG_0363\" src=\"https:\/\/bobvarela.com\/wp-content\/uploads\/2021\/03\/IMG_0363_thumb.jpg\" border=\"0\"\/><\/a><a href=\"https:\/\/bobvarela.com\/wp-content\/uploads\/2021\/03\/IMG_0463.jpg\"><img loading=\"lazy\" decoding=\"async\" width=\"184\" height=\"148\" title=\"IMG_0463\" style=\"display: inline; background-image: none;\" alt=\"IMG_0463\" src=\"https:\/\/bobvarela.com\/wp-content\/uploads\/2021\/03\/IMG_0463_thumb.jpg\" border=\"0\"\/><\/a><\/p>\n<p align=\"justify\"><font size=\"3\">La exreina detall\u00f3 que este a\u00f1o Miss Mundo de Puerto Rico llevar\u00e1 a cabo nuevamente la competencia Prelifinal, que instituy\u00f3 en el pasado certamen, en la que se escoger\u00e1n diez semifinalistas que pasar\u00e1n a la etapa final. Entre estas figuran las cinco ganadoras de las mini competencias y otras cinco que entrar\u00e1n por su desempe\u00f1o frente al jurado.<\/font><\/p>\n<p align=\"center\"><font size=\"3\"><a href=\"https:\/\/bobvarela.com\/wp-content\/uploads\/2021\/03\/IMG_0526.jpg\"><img loading=\"lazy\" decoding=\"async\" width=\"257\" height=\"174\" title=\"IMG_0526\" style=\"display: inline; background-image: none;\" alt=\"IMG_0526\" src=\"https:\/\/bobvarela.com\/wp-content\/uploads\/2021\/03\/IMG_0526_thumb.jpg\" border=\"0\"\/><\/a><a href=\"https:\/\/bobvarela.com\/wp-content\/uploads\/2021\/03\/IMG_0483.jpg\"><img loading=\"lazy\" decoding=\"async\" width=\"253\" height=\"172\" title=\"IMG_0483\" style=\"display: inline; background-image: none;\" alt=\"IMG_0483\" src=\"https:\/\/bobvarela.com\/wp-content\/uploads\/2021\/03\/IMG_0483_thumb.jpg\" border=\"0\"\/><\/a><\/font><\/p>\n<p align=\"justify\"><font size=\"3\"><br \/><\/font><\/p>\n<p align=\"justify\"><font size=\"3\"><br \/><\/font><\/p>\n","protected":false},"excerpt":{"rendered":"<p>Las&nbsp; candidatas de Miss Mundo de Puerto Rico tendran&nbsp; la noche final del certamen, denominada Festival de Belleza y Prop\u00f3sito, el 24 de abril con transmisi\u00f3n por TeleOnce, a las 8:00 p.m. \u201cEstas j\u00f3venes han sido muy perseverantes, durante todo&hellip;<\/p>\n<p class=\"more-link-p\"><a class=\"more-link\" href=\"https:\/\/bobvarela.com\/?p=136541\">Read more &rarr;<\/a><\/p>\n","protected":false},"author":1,"featured_media":0,"comment_status":"open","ping_status":"open","sticky":false,"template":"","format":"standard","meta":{"ngg_post_thumbnail":0,"footnotes":""},"categories":[5,165],"tags":[],"class_list":["post-136541","post","type-post","status-publish","format-standard","hentry","category-concursos","category-mundo"],"_links":{"self":[{"href":"https:\/\/bobvarela.com\/index.php?rest_route=\/wp\/v2\/posts\/136541","targetHints":{"allow":["GET"]}}],"collection":[{"href":"https:\/\/bobvarela.com\/index.php?rest_route=\/wp\/v2\/posts"}],"about":[{"href":"https:\/\/bobvarela.com\/index.php?rest_route=\/wp\/v2\/types\/post"}],"author":[{"embeddable":true,"href":"https:\/\/bobvarela.com\/index.php?rest_route=\/wp\/v2\/users\/1"}],"replies":[{"embeddable":true,"href":"https:\/\/bobvarela.com\/index.php?rest_route=%2Fwp%2Fv2%2Fcomments&post=136541"}],"version-history":[{"count":1,"href":"https:\/\/bobvarela.com\/index.php?rest_route=\/wp\/v2\/posts\/136541\/revisions"}],"predecessor-version":[{"id":136542,"href":"https:\/\/bobvarela.com\/index.php?rest_route=\/wp\/v2\/posts\/136541\/revisions\/136542"}],"wp:attachment":[{"href":"https:\/\/bobvarela.com\/index.php?rest_route=%2Fwp%2Fv2%2Fmedia&parent=136541"}],"wp:term":[{"taxonomy":"category","embeddable":true,"href":"https:\/\/bobvarela.com\/index.php?rest_route=%2Fwp%2Fv2%2Fcategories&post=136541"},{"taxonomy":"post_tag","embeddable":true,"href":"https:\/\/bobvarela.com\/index.php?rest_route=%2Fwp%2Fv2%2Ftags&post=136541"}],"curies":[{"name":"wp","href":"https:\/\/api.w.org\/{rel}","templated":true}]}}