{"id":136964,"date":"2021-04-09T05:13:32","date_gmt":"2021-04-09T09:13:32","guid":{"rendered":"https:\/\/bobvarela.com\/?p=136964"},"modified":"2021-04-09T05:56:21","modified_gmt":"2021-04-09T09:56:21","slug":"pablo-erroz-non-seasonal-2022-en-el-mbfwmadrid","status":"publish","type":"post","link":"https:\/\/bobvarela.com\/?p=136964","title":{"rendered":"PABLO ERROZ NON-SEASONAL 2022 en el MBFWMADRID"},"content":{"rendered":"<p align=\"center\"><span style=\"font-size: medium;\"><a href=\"https:\/\/bobvarela.com\/wp-content\/uploads\/2021\/04\/PA21_Pablo_Erroz_1291.jpg\"><img loading=\"lazy\" decoding=\"async\" style=\"display: inline; background-image: none;\" title=\"MBFWM OI 2021-2022\" src=\"https:\/\/bobvarela.com\/wp-content\/uploads\/2021\/04\/PA21_Pablo_Erroz_1291_thumb.jpg\" alt=\"MBFWM OI 2021-2022\" width=\"377\" height=\"255\" border=\"0\"\/><\/a><\/span><\/p>\n<p><span style=\"font-size: medium;\">A everyday collection nacida de una evoluci\u00f3n natural de estilo, sofisticada pero no pretenciosa, con un esp\u00edritu relajado sin perder el sentido de atemporalidad en cada una de sus prendas, sintetizando tendencias y haciendo siluetas duraderas. Una colecci\u00f3n que pretende indagar los c\u00f3digos del vestir de un sistema de personas en evoluci\u00f3n, que conf\u00edan en s\u00ed mismas, conscientes, aut\u00e9nticas y orgullosas de quienes son. Con siluetas smart y deportivas acompa\u00f1ada de una gama de colores que van desde los ocres, negros, marrones, pasando por verdes y peque\u00f1as pinceladas de fucsia, grises \u00f3 blancos, que a su vez combinan con una selecci\u00f3n de tejidos nobles, tradicionales y modernos a la vez, entre los que destacan lanas, alpacas, napas (s\u00f3lo de animales destinados a consumo propio, recicladas y de stocks), algodones, nylons o sedas que se unen con prints org\u00e1nicos en convivencia con sus hom\u00f3nimos geom\u00e9tricos. Apuesta firme por tejidos artesanales, creados bajo la t\u00e9cnica tradicional y manual del Ikat, hechos en su totalidad en la isla de Mallorca, donde son tradici\u00f3n, apostando por un crecimiento local sostenible y apoyo en colaboraci\u00f3n a productos y empresas locales. *Ning\u00fan tejido ha sido creado para esta colecci\u00f3n, sino que forman parte de partidas ya existentes. A excepci\u00f3n de las prendas de punto, que fueron creadas a trav\u00e9s de fibras e hilaturas recicladas que ahora adquieren una nueva vida.<\/span><\/p>\n<p><span style=\"font-size: medium;\">Non-Seasonal 2022 es una declaraci\u00f3n de intenciones sobre la celebraci\u00f3n de vida, identidad y las personalidades individuales. Que a su vez contin\u00faa con la apuesta firme por la estrategia de valor llevada a cabo por la marca desde 2018 de unir bajo un mismo paraguas una propuesta anual-atemporal, extensible a todo un a\u00f1o, uniendo verano e invierno, eliminando as\u00ed las temporadas y evocando a un consumo m\u00e1s amable, respetuoso con el medio ambiente, as\u00ed como m\u00e1s limitado y exclusivo, con la premisa y el valor a\u00f1adido de poder unir mercados opuestos y diferentes p\u00fablicos, a trav\u00e9s de una colecci\u00f3n que gira entorno a un a\u00f1o completo de vida y que se complementa con un ejercicio de proporciones completamente en sinton\u00eda con las minucias progresivas de nuestro momento. Una propuesta abierta, sin g\u00e9nero definido aunque con un porte de masculinidad contempor\u00e1nea<\/span><\/p>\n<p><span style=\"font-size: medium;\">Seguimos construyendo sobre los mismos bloques y reafirm\u00e1ndonos en un discurso que pone el foco en las personas bajo un concepto de libertades, sin normas de g\u00e9nero, que apuesta por las sinergias, las ideas y por supuesto piensa en el planeta, haciendo grandes esfuerzos por conseguir ser una marca con 0 impacto medioambiental: SEASONLESS, INDIVIDUALISTIC AND GENDERLESS QUALITY CLOTHING MADE IN SPAIN FOR MULTITASKING CITIZENS OF THE WORLD.<\/span><\/p>\nngg_shortcode_0_placeholder\n<p><span style=\"font-size: medium;\">&nbsp;<\/span><\/p>\n","protected":false},"excerpt":{"rendered":"<p>A everyday collection nacida de una evoluci\u00f3n natural de estilo, sofisticada pero no pretenciosa, con un esp\u00edritu relajado sin perder el sentido de atemporalidad en cada una de sus prendas, sintetizando tendencias y haciendo siluetas duraderas. Una colecci\u00f3n que pretende&hellip;<\/p>\n<p class=\"more-link-p\"><a class=\"more-link\" href=\"https:\/\/bobvarela.com\/?p=136964\">Read more &rarr;<\/a><\/p>\n","protected":false},"author":1,"featured_media":0,"comment_status":"open","ping_status":"open","sticky":false,"template":"","format":"standard","meta":{"ngg_post_thumbnail":0,"footnotes":""},"categories":[265,4],"tags":[],"class_list":["post-136964","post","type-post","status-publish","format-standard","hentry","category-mercedes-benz-fashion-week","category-moda"],"_links":{"self":[{"href":"https:\/\/bobvarela.com\/index.php?rest_route=\/wp\/v2\/posts\/136964","targetHints":{"allow":["GET"]}}],"collection":[{"href":"https:\/\/bobvarela.com\/index.php?rest_route=\/wp\/v2\/posts"}],"about":[{"href":"https:\/\/bobvarela.com\/index.php?rest_route=\/wp\/v2\/types\/post"}],"author":[{"embeddable":true,"href":"https:\/\/bobvarela.com\/index.php?rest_route=\/wp\/v2\/users\/1"}],"replies":[{"embeddable":true,"href":"https:\/\/bobvarela.com\/index.php?rest_route=%2Fwp%2Fv2%2Fcomments&post=136964"}],"version-history":[{"count":2,"href":"https:\/\/bobvarela.com\/index.php?rest_route=\/wp\/v2\/posts\/136964\/revisions"}],"predecessor-version":[{"id":137063,"href":"https:\/\/bobvarela.com\/index.php?rest_route=\/wp\/v2\/posts\/136964\/revisions\/137063"}],"wp:attachment":[{"href":"https:\/\/bobvarela.com\/index.php?rest_route=%2Fwp%2Fv2%2Fmedia&parent=136964"}],"wp:term":[{"taxonomy":"category","embeddable":true,"href":"https:\/\/bobvarela.com\/index.php?rest_route=%2Fwp%2Fv2%2Fcategories&post=136964"},{"taxonomy":"post_tag","embeddable":true,"href":"https:\/\/bobvarela.com\/index.php?rest_route=%2Fwp%2Fv2%2Ftags&post=136964"}],"curies":[{"name":"wp","href":"https:\/\/api.w.org\/{rel}","templated":true}]}}