{"id":137364,"date":"2021-04-18T12:09:20","date_gmt":"2021-04-18T16:09:20","guid":{"rendered":"https:\/\/bobvarela.com\/?p=137364"},"modified":"2021-04-18T12:09:20","modified_gmt":"2021-04-18T16:09:20","slug":"andres-sarda-presenta-en-el-mbfwmadrid-antoo-invierno-21","status":"publish","type":"post","link":"https:\/\/bobvarela.com\/?p=137364","title":{"rendered":"ANDRES SARDA presenta en el MBFWMADRID ANTO&ntilde;O INVIERNO 21"},"content":{"rendered":"<p align=\"center\"><font size=\"3\"><a href=\"https:\/\/bobvarela.com\/wp-content\/uploads\/2021\/04\/PA21_Andres_Sarda_0220.jpg\"><img loading=\"lazy\" decoding=\"async\" width=\"197\" height=\"134\" title=\"MBFWM OI 2021-2022\" style=\"display: inline; background-image: none;\" alt=\"MBFWM OI 2021-2022\" src=\"https:\/\/bobvarela.com\/wp-content\/uploads\/2021\/04\/PA21_Andres_Sarda_0220_thumb.jpg\" border=\"0\"\/><\/a><a href=\"https:\/\/bobvarela.com\/wp-content\/uploads\/2021\/04\/PA21_Andres_Sarda_0299.jpg\"><img loading=\"lazy\" decoding=\"async\" width=\"197\" height=\"134\" title=\"MBFWM OI 2021-2022\" style=\"display: inline; background-image: none;\" alt=\"MBFWM OI 2021-2022\" src=\"https:\/\/bobvarela.com\/wp-content\/uploads\/2021\/04\/PA21_Andres_Sarda_0299_thumb.jpg\" border=\"0\"\/><\/a><a href=\"https:\/\/bobvarela.com\/wp-content\/uploads\/2021\/04\/PA21_Andres_Sarda_0531.jpg\"><img loading=\"lazy\" decoding=\"async\" width=\"197\" height=\"134\" title=\"MBFWM OI 2021-2022\" style=\"display: inline; background-image: none;\" alt=\"MBFWM OI 2021-2022\" src=\"https:\/\/bobvarela.com\/wp-content\/uploads\/2021\/04\/PA21_Andres_Sarda_0531_thumb.jpg\" border=\"0\"\/><\/a><\/font><\/p>\n<p align=\"justify\"><font size=\"3\">Siguiendo en la estela de Revolution and Revelion, este invierno nos inspiran mujeres que han marcado la diferencia en las artes esc\u00e9nicas, desde la interpretaci\u00f3n a la m\u00fasica. Divas potentes y determinantes, que en muchas ocasiones cambiaron su destino a fuerza de tes\u00f3n y talento.<\/font><\/p>\n<p align=\"justify\"><font size=\"3\">En esta colecci\u00f3n hemos querido especialmente proponer una colecci\u00f3n que aunara, m\u00e1s que nunca, belleza y bienestar, confort, alegria y sofisticaci\u00f3n para contrarrestar, en la medida de lo posible, los momentos dif\u00edciles que vivimos.<\/font><\/p>\n<p align=\"center\"><font size=\"3\"><a href=\"https:\/\/bobvarela.com\/wp-content\/uploads\/2021\/04\/PA21_Ambiente_Andres_Sarda_037.jpg\"><img loading=\"lazy\" decoding=\"async\" width=\"197\" height=\"134\" title=\"PA21_Ambiente_Andres_Sarda_037\" style=\"display: inline; background-image: none;\" alt=\"PA21_Ambiente_Andres_Sarda_037\" src=\"https:\/\/bobvarela.com\/wp-content\/uploads\/2021\/04\/PA21_Ambiente_Andres_Sarda_037_thumb.jpg\" border=\"0\"\/><\/a><a href=\"https:\/\/bobvarela.com\/wp-content\/uploads\/2021\/04\/PA21_Ambiente_Andres_Sarda_139.jpg\"><img loading=\"lazy\" decoding=\"async\" width=\"197\" height=\"134\" title=\"PA21_Ambiente_Andres_Sarda_139\" style=\"display: inline; background-image: none;\" alt=\"PA21_Ambiente_Andres_Sarda_139\" src=\"https:\/\/bobvarela.com\/wp-content\/uploads\/2021\/04\/PA21_Ambiente_Andres_Sarda_139_thumb.jpg\" border=\"0\"\/><\/a><a href=\"https:\/\/bobvarela.com\/wp-content\/uploads\/2021\/04\/PA21_Andres_Sarda_0033.jpg\"><img loading=\"lazy\" decoding=\"async\" width=\"197\" height=\"134\" title=\"MBFWM OI 2021-2022\" style=\"display: inline; background-image: none;\" alt=\"MBFWM OI 2021-2022\" src=\"https:\/\/bobvarela.com\/wp-content\/uploads\/2021\/04\/PA21_Andres_Sarda_0033_thumb.jpg\" border=\"0\"\/><\/a><\/font><\/p>\n<p align=\"justify\"><font size=\"3\">Para su puesta en escena, hemos realizado un film, contando con la colaboraci\u00f3n excepcional de Eugenio Recuenco en la realizaci\u00f3n, los actores Lali Esp\u00f3sito y Enric Auquer y la direcci\u00f3n art\u00edstica de Alberto Murtra.<\/font><\/p>\n<p align=\"justify\"><font size=\"3\">El film es una promesa de lo que est\u00e1 por venir, de que los tiempos dif\u00edciles que vivimos actualmente pasar\u00e1n y nos sit\u00faa ya en el optimismo, la fiesta, la celebraci\u00f3n y la alegr\u00eda, potenciando los valores de la mujer Sarda de libertad, fuerza y resiliencia.<\/font><\/p>\n<p align=\"justify\"><font size=\"3\">Las cinco propuestas diferentes de la colecci\u00f3n se presentan en el film combinadas con espectaculares looks en color negro:<\/font><\/p>\n<p align=\"justify\"><font size=\"3\">&#8211; La serie Raven, con su maravilloso tejido de seda y modal y su encaje de algod\u00f3n, tiene un tacto incre\u00edble y resalta la feminidad y belleza de quien lo lleva.<\/font><\/p>\n<p align=\"justify\"><font size=\"3\">&#8211;&nbsp; Wang combina crep de seda estampado y encaje leavers a contraste.<\/font><\/p>\n<p align=\"justify\"><font size=\"3\">&#8211; Margaret, realizada en encaje leavers franc\u00e9s el\u00e1stico, combina dos tonos sorprendentes y favorecedores, azul con caldera.<\/font><\/p>\n<p align=\"justify\"><font size=\"3\">&#8211; Tamara es la serie m\u00e1s sofisticada de la colecci\u00f3n. Se combinan armoniosamente encaje de alta costura, tul bordado a contraste y raso de seda el\u00e1stico.<\/font><\/p>\n<p align=\"justify\"><font size=\"3\">&#8211; Renata es una c\u00e1psula donde se combina tul invisible bordado con paillettes negras y ribeteado con encaje leavers el\u00e1stico.<\/font><\/p>\n<p align=\"center\"><font size=\"3\"><a href=\"https:\/\/bobvarela.com\/wp-content\/uploads\/2021\/04\/PA21_Ambiente_Andres_Sarda_093.jpg\"><img loading=\"lazy\" decoding=\"async\" width=\"134\" height=\"199\" title=\"PA21_Ambiente_Andres_Sarda_093\" style=\"display: inline; background-image: none;\" alt=\"PA21_Ambiente_Andres_Sarda_093\" src=\"https:\/\/bobvarela.com\/wp-content\/uploads\/2021\/04\/PA21_Ambiente_Andres_Sarda_093_thumb.jpg\" border=\"0\"\/><\/a><a href=\"https:\/\/bobvarela.com\/wp-content\/uploads\/2021\/04\/PA21_Andres_Sarda_0081.jpg\"><img loading=\"lazy\" decoding=\"async\" width=\"134\" height=\"199\" title=\"MBFWM OI 2021-2022\" style=\"margin: 0px; display: inline; background-image: none;\" alt=\"MBFWM OI 2021-2022\" src=\"https:\/\/bobvarela.com\/wp-content\/uploads\/2021\/04\/PA21_Andres_Sarda_0081_thumb.jpg\" border=\"0\"\/><\/a><a href=\"https:\/\/bobvarela.com\/wp-content\/uploads\/2021\/04\/PA21_Andres_Sarda_0089.jpg\"><img loading=\"lazy\" decoding=\"async\" width=\"134\" height=\"199\" title=\"MBFWM OI 2021-2022\" style=\"margin: 0px; display: inline; background-image: none;\" alt=\"MBFWM OI 2021-2022\" src=\"https:\/\/bobvarela.com\/wp-content\/uploads\/2021\/04\/PA21_Andres_Sarda_0089_thumb.jpg\" border=\"0\"\/><\/a><a href=\"https:\/\/bobvarela.com\/wp-content\/uploads\/2021\/04\/PA21_Andres_Sarda_0105.jpg\"><img loading=\"lazy\" decoding=\"async\" width=\"134\" height=\"199\" title=\"MBFWM OI 2021-2022\" style=\"margin: 0px; display: inline; background-image: none;\" alt=\"MBFWM OI 2021-2022\" src=\"https:\/\/bobvarela.com\/wp-content\/uploads\/2021\/04\/PA21_Andres_Sarda_0105_thumb.jpg\" border=\"0\"\/><\/a><a href=\"https:\/\/bobvarela.com\/wp-content\/uploads\/2021\/04\/PA21_Andres_Sarda_0200.jpg\"><img loading=\"lazy\" decoding=\"async\" width=\"134\" height=\"199\" title=\"MBFWM OI 2021-2022\" style=\"margin: 0px; display: inline; background-image: none;\" alt=\"MBFWM OI 2021-2022\" src=\"https:\/\/bobvarela.com\/wp-content\/uploads\/2021\/04\/PA21_Andres_Sarda_0200_thumb.jpg\" border=\"0\"\/><\/a><a href=\"https:\/\/bobvarela.com\/wp-content\/uploads\/2021\/04\/PA21_Andres_Sarda_0272.jpg\"><img loading=\"lazy\" decoding=\"async\" width=\"134\" height=\"199\" title=\"MBFWM OI 2021-2022\" style=\"margin: 0px; display: inline; background-image: none;\" alt=\"MBFWM OI 2021-2022\" src=\"https:\/\/bobvarela.com\/wp-content\/uploads\/2021\/04\/PA21_Andres_Sarda_0272_thumb.jpg\" border=\"0\"\/><\/a><a href=\"https:\/\/bobvarela.com\/wp-content\/uploads\/2021\/04\/PA21_Andres_Sarda_0360.jpg\"><img loading=\"lazy\" decoding=\"async\" width=\"134\" height=\"199\" title=\"MBFWM OI 2021-2022\" style=\"margin: 0px; display: inline; background-image: none;\" alt=\"MBFWM OI 2021-2022\" src=\"https:\/\/bobvarela.com\/wp-content\/uploads\/2021\/04\/PA21_Andres_Sarda_0360_thumb.jpg\" border=\"0\"\/><\/a><a href=\"https:\/\/bobvarela.com\/wp-content\/uploads\/2021\/04\/PA21_Andres_Sarda_0367.jpg\"><img loading=\"lazy\" decoding=\"async\" width=\"134\" height=\"199\" title=\"MBFWM OI 2021-2022\" style=\"margin: 0px; display: inline; background-image: none;\" alt=\"MBFWM OI 2021-2022\" src=\"https:\/\/bobvarela.com\/wp-content\/uploads\/2021\/04\/PA21_Andres_Sarda_0367_thumb.jpg\" border=\"0\"\/><\/a><a href=\"https:\/\/bobvarela.com\/wp-content\/uploads\/2021\/04\/PA21_Andres_Sarda_0400.jpg\"><img loading=\"lazy\" decoding=\"async\" width=\"134\" height=\"199\" title=\"MBFWM OI 2021-2022\" style=\"display: inline; background-image: none;\" alt=\"MBFWM OI 2021-2022\" src=\"https:\/\/bobvarela.com\/wp-content\/uploads\/2021\/04\/PA21_Andres_Sarda_0400_thumb.jpg\" border=\"0\"\/><\/a><\/font><\/p>\n","protected":false},"excerpt":{"rendered":"<p>Siguiendo en la estela de Revolution and Revelion, este invierno nos inspiran mujeres que han marcado la diferencia en las artes esc\u00e9nicas, desde la interpretaci\u00f3n a la m\u00fasica. Divas potentes y determinantes, que en muchas ocasiones cambiaron su destino a&hellip;<\/p>\n<p class=\"more-link-p\"><a class=\"more-link\" href=\"https:\/\/bobvarela.com\/?p=137364\">Read more &rarr;<\/a><\/p>\n","protected":false},"author":1,"featured_media":0,"comment_status":"open","ping_status":"open","sticky":false,"template":"","format":"standard","meta":{"ngg_post_thumbnail":0,"footnotes":""},"categories":[265,4],"tags":[],"class_list":["post-137364","post","type-post","status-publish","format-standard","hentry","category-mercedes-benz-fashion-week","category-moda"],"_links":{"self":[{"href":"https:\/\/bobvarela.com\/index.php?rest_route=\/wp\/v2\/posts\/137364","targetHints":{"allow":["GET"]}}],"collection":[{"href":"https:\/\/bobvarela.com\/index.php?rest_route=\/wp\/v2\/posts"}],"about":[{"href":"https:\/\/bobvarela.com\/index.php?rest_route=\/wp\/v2\/types\/post"}],"author":[{"embeddable":true,"href":"https:\/\/bobvarela.com\/index.php?rest_route=\/wp\/v2\/users\/1"}],"replies":[{"embeddable":true,"href":"https:\/\/bobvarela.com\/index.php?rest_route=%2Fwp%2Fv2%2Fcomments&post=137364"}],"version-history":[{"count":1,"href":"https:\/\/bobvarela.com\/index.php?rest_route=\/wp\/v2\/posts\/137364\/revisions"}],"predecessor-version":[{"id":137365,"href":"https:\/\/bobvarela.com\/index.php?rest_route=\/wp\/v2\/posts\/137364\/revisions\/137365"}],"wp:attachment":[{"href":"https:\/\/bobvarela.com\/index.php?rest_route=%2Fwp%2Fv2%2Fmedia&parent=137364"}],"wp:term":[{"taxonomy":"category","embeddable":true,"href":"https:\/\/bobvarela.com\/index.php?rest_route=%2Fwp%2Fv2%2Fcategories&post=137364"},{"taxonomy":"post_tag","embeddable":true,"href":"https:\/\/bobvarela.com\/index.php?rest_route=%2Fwp%2Fv2%2Ftags&post=137364"}],"curies":[{"name":"wp","href":"https:\/\/api.w.org\/{rel}","templated":true}]}}