{"id":137617,"date":"2021-04-27T05:49:51","date_gmt":"2021-04-27T09:49:51","guid":{"rendered":"https:\/\/bobvarela.com\/?p=137617"},"modified":"2021-04-27T05:49:51","modified_gmt":"2021-04-27T09:49:51","slug":"almeida-de-marques-presenta-su-propuesta-para-el-otoo-de-2021","status":"publish","type":"post","link":"https:\/\/bobvarela.com\/?p=137617","title":{"rendered":"Almeida de Marques presenta su propuesta para el oto&ntilde;o de 2021"},"content":{"rendered":"<p align=\"justify\"><font size=\"3\">Almeida de Marques ha tomado la oportunidad de experimentar m\u00e1s all\u00e1 de la pasarela tradicional, publicando una revista en l\u00ednea llamada See Through y haciendo un conmovedor documental sobre la gama upcycled de la marca, ReMade, que cuenta con Marta Marques y Paulo Almeida trabajando con su hijo peque\u00f1o.<\/font><\/p>\n<p align=\"justify\"><font size=\"3\">M\u00e1s recientemente hicieron un video musical con el rapero nenny en ascenso, y lo usaron para burlarse de la colecci\u00f3n de oto\u00f1o de 2021.<\/font><\/p>\n<p align=\"justify\"><font size=\"3\">La marca est\u00e1 desvelando la colecci\u00f3n oto\u00f1o 2021 en su totalidad, con un desfile de moda digital con un ej\u00e9rcito de modelos desfilando la ropa de nueva temporada a trav\u00e9s de la pasarela suspendida m\u00e1s larga del mundo en Portugal, el pa\u00eds natal de la pareja.<\/font><\/p>\n<p align=\"justify\"><font size=\"3\">&#8220;Siempre pensamos que el espect\u00e1culo de 10 minutos se sent\u00eda decepcionante, y un poco reductivo a veces&#8221;, dijo Marques, agregando que fueron capaces de expresarse plenamente a trav\u00e9s de los tres proyectos, y &#8220;mejorar nuestra voz y las voces de nuestras comunidades&#8221;.<\/font><\/p>\n<p align=\"justify\"><font size=\"3\">&#8220;Aunque es a gran escala, se sent\u00eda muy personal porque lo est\u00e1bamos haciendo a nuestra manera. Mi hermana, que trabaja con nosotros, lo produjo con Portugal Fashion, y como todos \u00edbamos a nuestro propio ritmo se sent\u00eda como un trabajo familiar&#8221;, agreg\u00f3 Marques. Dijo que tambi\u00e9n hab\u00eda un mayor enfoque en el aspecto de sostenibilidad de la colecci\u00f3n.<\/font><\/p>\n<p align=\"justify\"><font size=\"3\">&#8220;Eso es todo lo que pensamos en estos d\u00edas. Nos hemos dejado guiar por esta b\u00fasqueda de sostenibilidad en la forma en que dise\u00f1amos y planificamos colecciones. El dise\u00f1o y el ambiente est\u00e1n llegando por instinto&#8221;.<\/font><\/p>\n<p align=\"justify\"><font size=\"3\">Esta fue la primera colecci\u00f3n del d\u00fao que no incluy\u00f3 fibras a base de petr\u00f3leo; algod\u00f3n que era todo org\u00e1nico o reciclado, y un mont\u00f3n de siluetas de arrastre, en lugar de la b\u00fasqueda habitual \u2014 y constante \u2014 de la novedad.<\/font><\/p>\n<p align=\"justify\"><font size=\"3\">Algunos aspectos destacados incluyeron separaciones de mezclilla sueltas, blazers que se doblaban como vestidos, camisas de tinte de corbata y tejidos acogedores adornados con plumas, lo que logr\u00f3 encontrar un equilibrio entre la nueva necesidad de comodidad de los compradores y el anhelo de vestirse.<\/font><\/p>\n<p align=\"justify\"><font size=\"3\">&#8220;Aprovechamos esta oportunidad para repensar nuestras prioridades&#8221;, dijo Marques, se\u00f1alando el mayor enfoque de los dise\u00f1adores en ReMade y una nueva base en Portugal, que permite a los dise\u00f1adores permanecer m\u00e1s cerca de sus f\u00e1bricas.<\/font><\/p>\n<p align=\"justify\">ngg_shortcode_0_placeholder<\/p>\n","protected":false},"excerpt":{"rendered":"<p>Almeida de Marques ha tomado la oportunidad de experimentar m\u00e1s all\u00e1 de la pasarela tradicional, publicando una revista en l\u00ednea llamada See Through y haciendo un conmovedor documental sobre la gama upcycled de la marca, ReMade, que cuenta con Marta&hellip;<\/p>\n<p class=\"more-link-p\"><a class=\"more-link\" href=\"https:\/\/bobvarela.com\/?p=137617\">Read more &rarr;<\/a><\/p>\n","protected":false},"author":1,"featured_media":0,"comment_status":"open","ping_status":"open","sticky":false,"template":"","format":"standard","meta":{"ngg_post_thumbnail":0,"footnotes":""},"categories":[4],"tags":[],"class_list":["post-137617","post","type-post","status-publish","format-standard","hentry","category-moda"],"_links":{"self":[{"href":"https:\/\/bobvarela.com\/index.php?rest_route=\/wp\/v2\/posts\/137617","targetHints":{"allow":["GET"]}}],"collection":[{"href":"https:\/\/bobvarela.com\/index.php?rest_route=\/wp\/v2\/posts"}],"about":[{"href":"https:\/\/bobvarela.com\/index.php?rest_route=\/wp\/v2\/types\/post"}],"author":[{"embeddable":true,"href":"https:\/\/bobvarela.com\/index.php?rest_route=\/wp\/v2\/users\/1"}],"replies":[{"embeddable":true,"href":"https:\/\/bobvarela.com\/index.php?rest_route=%2Fwp%2Fv2%2Fcomments&post=137617"}],"version-history":[{"count":1,"href":"https:\/\/bobvarela.com\/index.php?rest_route=\/wp\/v2\/posts\/137617\/revisions"}],"predecessor-version":[{"id":137618,"href":"https:\/\/bobvarela.com\/index.php?rest_route=\/wp\/v2\/posts\/137617\/revisions\/137618"}],"wp:attachment":[{"href":"https:\/\/bobvarela.com\/index.php?rest_route=%2Fwp%2Fv2%2Fmedia&parent=137617"}],"wp:term":[{"taxonomy":"category","embeddable":true,"href":"https:\/\/bobvarela.com\/index.php?rest_route=%2Fwp%2Fv2%2Fcategories&post=137617"},{"taxonomy":"post_tag","embeddable":true,"href":"https:\/\/bobvarela.com\/index.php?rest_route=%2Fwp%2Fv2%2Ftags&post=137617"}],"curies":[{"name":"wp","href":"https:\/\/api.w.org\/{rel}","templated":true}]}}