{"id":138023,"date":"2021-06-15T06:31:32","date_gmt":"2021-06-15T10:31:32","guid":{"rendered":"https:\/\/bobvarela.com\/?p=138023"},"modified":"2021-06-15T06:31:32","modified_gmt":"2021-06-15T10:31:32","slug":"oscar-de-la-renta-resort-2022","status":"publish","type":"post","link":"https:\/\/bobvarela.com\/?p=138023","title":{"rendered":"Oscar De La Renta Resort 2022"},"content":{"rendered":"<p align=\"justify\"><font size=\"3\">Taylor Swift hizo historia en el minivestido de flores prensadas Oscar de la Renta que llev\u00f3 a los Grammy, convirti\u00e9ndose en la primera mujer en ganar \u00e1lbum del a\u00f1o en tres ocasiones. &#8220;Eso fue un jonr\u00f3n&#8221;, dijo Fernando Garc\u00eda. Como era de esperar, Garc\u00eda y Laura Kim eligieron flores de nuevo para el resort, solo que esta vez en lugar de bordados tridimensionales, superponen impresiones fotogr\u00e1ficas de flores silvestres en im\u00e1genes de jardines compartidas por la arquitecta paisajista Miranda Brooks. En un vestido corto sin tirantes con vol\u00famenes florecientes de seda, el efecto fue ligeramente surrealista, tal vez incluso lis\u00e9rgico.<\/font><\/p>\n<p align=\"justify\"><font size=\"3\">Garc\u00eda dijo que Ugo Rondinone era un punto de referencia. El citrino el\u00e9ctrico de un delgado abrigo de lana cepillado parec\u00eda sacado directamente de los t\u00f3tems de <em>las Siete Monta\u00f1as M\u00e1gicas<\/em> del escultor. Hab\u00eda otras piezas a medida en brillantes igualmente v\u00edvidos en el libro de miradas, pero la colecci\u00f3n tal como fue fotografiada aqu\u00ed se inclin\u00f3 hacia el vestido de ocasi\u00f3n especial. Kim dijo que eso se debe a que en octubre y noviembre, cuando esta colecci\u00f3n se env\u00eda, el cliente de Oscar tiende a tener muchos grandes eventos, tal vez este a\u00f1o m\u00e1s que nunca a medida que Nueva York se recupera de la pandemia. Un vestido de tafet\u00e1n cortado en el que no se puede dejar de notar Ugo Rondinone citrino, tan voluminoso como el minivestido de Swift, no qued\u00f3 en la imagen. Tal vez sea porque lo veremos en otra alfombra roja este verano. Cannes, tal vez.<\/font><\/p>\n<p align=\"justify\">ngg_shortcode_0_placeholder<\/p>\n","protected":false},"excerpt":{"rendered":"<p>Taylor Swift hizo historia en el minivestido de flores prensadas Oscar de la Renta que llev\u00f3 a los Grammy, convirti\u00e9ndose en la primera mujer en ganar \u00e1lbum del a\u00f1o en tres ocasiones. &#8220;Eso fue un jonr\u00f3n&#8221;, dijo Fernando Garc\u00eda. Como&hellip;<\/p>\n<p class=\"more-link-p\"><a class=\"more-link\" href=\"https:\/\/bobvarela.com\/?p=138023\">Read more &rarr;<\/a><\/p>\n","protected":false},"author":1,"featured_media":0,"comment_status":"open","ping_status":"open","sticky":false,"template":"","format":"standard","meta":{"ngg_post_thumbnail":0,"footnotes":""},"categories":[4],"tags":[],"class_list":["post-138023","post","type-post","status-publish","format-standard","hentry","category-moda"],"_links":{"self":[{"href":"https:\/\/bobvarela.com\/index.php?rest_route=\/wp\/v2\/posts\/138023","targetHints":{"allow":["GET"]}}],"collection":[{"href":"https:\/\/bobvarela.com\/index.php?rest_route=\/wp\/v2\/posts"}],"about":[{"href":"https:\/\/bobvarela.com\/index.php?rest_route=\/wp\/v2\/types\/post"}],"author":[{"embeddable":true,"href":"https:\/\/bobvarela.com\/index.php?rest_route=\/wp\/v2\/users\/1"}],"replies":[{"embeddable":true,"href":"https:\/\/bobvarela.com\/index.php?rest_route=%2Fwp%2Fv2%2Fcomments&post=138023"}],"version-history":[{"count":1,"href":"https:\/\/bobvarela.com\/index.php?rest_route=\/wp\/v2\/posts\/138023\/revisions"}],"predecessor-version":[{"id":138024,"href":"https:\/\/bobvarela.com\/index.php?rest_route=\/wp\/v2\/posts\/138023\/revisions\/138024"}],"wp:attachment":[{"href":"https:\/\/bobvarela.com\/index.php?rest_route=%2Fwp%2Fv2%2Fmedia&parent=138023"}],"wp:term":[{"taxonomy":"category","embeddable":true,"href":"https:\/\/bobvarela.com\/index.php?rest_route=%2Fwp%2Fv2%2Fcategories&post=138023"},{"taxonomy":"post_tag","embeddable":true,"href":"https:\/\/bobvarela.com\/index.php?rest_route=%2Fwp%2Fv2%2Ftags&post=138023"}],"curies":[{"name":"wp","href":"https:\/\/api.w.org\/{rel}","templated":true}]}}