{"id":139195,"date":"2021-08-03T06:18:57","date_gmt":"2021-08-03T10:18:57","guid":{"rendered":"https:\/\/bobvarela.com\/?p=139195"},"modified":"2021-08-03T06:18:57","modified_gmt":"2021-08-03T10:18:57","slug":"mira-de-nuevo-el-lema-de-guarnizo-para-colombiamoda-2021","status":"publish","type":"post","link":"https:\/\/bobvarela.com\/?p=139195","title":{"rendered":"&lsquo;Mira de nuevo&rsquo;, el lema de Guarnizo para Colombiamoda  2021"},"content":{"rendered":"<p align=\"center\"><font size=\"3\"><a href=\"https:\/\/bobvarela.com\/wp-content\/uploads\/2021\/08\/COL3070-scaled-1.jpg\"><img loading=\"lazy\" decoding=\"async\" width=\"391\" height=\"261\" title=\"COL3070-scaled\" style=\"display: inline; background-image: none;\" alt=\"COL3070-scaled\" src=\"https:\/\/bobvarela.com\/wp-content\/uploads\/2021\/08\/COL3070-scaled_thumb.jpg\" border=\"0\"\/><\/a><\/font><\/p>\n<p><font size=\"3\">El dise\u00f1ador <i>Diego Guarnizo<\/i> dice que luego de tener covid-19 hace dos meses \u2014estuvo dos semanas en UCI y otras dos en hospitalizaci\u00f3n\u2014, la energ\u00eda de su familia y amigos le salvaron la vida. Alejandro, su amor, tambi\u00e9n fue fundamental para ese comenzar de nuevo.<\/font><\/p>\n<p><font size=\"3\">\u201cLa gente que me conoce y no se cans\u00f3 durante todo ese tiempo de enviarme mensajes y llamarme para alentarme y decirme que me necesitaban afuera hicieron que no me quedara all\u00e1 y saliera adelante\u201d, cuenta en di\u00e1logo con EL COLOMBIANO.<\/font><\/p>\n<p><font size=\"3\">Su recuperaci\u00f3n ha sido lenta y con ayuda del ox\u00edgeno debido a que la enfermedad le dej\u00f3 una secuela: neumon\u00eda cr\u00f3nica. Al momento de abandonar la cl\u00ednica se fue con una incertidumbre: su participaci\u00f3n en Colombiamoda 2021.<\/font><\/p>\n<p><font size=\"3\">\u201cCuando sal\u00ed de la UCI habl\u00e9 con el patrocinador de esta pasarela, hab\u00eda mucho riesgo, no sab\u00eda c\u00f3mo iba a estar f\u00edsicamente, sin embargo, decidimos seguir porque no pod\u00edamos perder una oportunidad tan importante para enviar este mensaje\u201d.<\/font><\/p>\n<p><font size=\"3\">Y mientras habla, saca un espacio para reflexionar: \u201cLo que me pas\u00f3 fue por haberme descuidado, seguramente dej\u00e9 de lavarme las manos o ponerme el tapabocas, me contagi\u00e9 y casi me muero, entonces a eso voy, a que pensemos qu\u00e9 tan conscientes somos de nuestras propias vidas, d\u00f3nde estamos parados cuid\u00e1ndonos y protegi\u00e9ndonos\u201d.<\/font><\/p>\n<p><font size=\"3\">El tolimense, ya m\u00e1s vital luego haber superado el virus,fue el encargado de la pasarela inaugural de Colombiamoda 2021, en el gran sal\u00f3n de Plaza Mayor. \u201cEs una oportunidad para yo gritar mi manifiesto, de inspirar a la gente a que aprendan algo m\u00e1s all\u00e1 de las prendas que las modelos van a lucir\u201d.<\/font><\/p>\n<p><font size=\"3\">Con su propuesta llamada \u2018Mira de nuevo\u2019, en alianza con Avon, pretende que la gente haga un alto en el camino, se mire a s\u00ed misma, \u201cse de cuenta que han olvidado cosas importantes en su integridad y la forma de ver el mundo\u201d. Adem\u00e1s, tiene un prop\u00f3sito social: contribuir a eliminar las violencias contra las mujeres.<\/font><\/p>\n<p><font size=\"3\">Esta colecci\u00f3n es un mensaje a varias voces porque \u00e9l no estar\u00e1 solo. \u201cInvit\u00e9 a mis amigas <i>Silvia Tcherassi<\/i>, <i>Johanna<\/i> <i>Ortiz<\/i> y <i>Beatriz<\/i> <i>Camacho<\/i>, les dije que necesitaba de su apoyo y generosidad, que me agarraran de la mano para salir adelante y ayudar a salvar vidas\u201d.<\/font><\/p>\n<p><font size=\"3\">Y agrega: \u201cEn este momento la humanidad est\u00e1 vulnerable y nos podemos morir y perder las maravillas que tenemos al frente, la familia, el amor, la amistad, los amigos. Tenemos que perder el miedo de pedir ayuda, si necesitamos algo para vivir alcemos la mano\u201d.<\/font><\/p>\n<p><font size=\"3\">A este grupo de dise\u00f1adoras colombianas se sumar\u00e1n <i>Annaiss<\/i> <i>Yucra<\/i> de Per\u00fa y las ecuatorianas <i>Cindy<\/i> <i>Castro<\/i> y <i>Paulina<\/i> <i>Anda<\/i>. \u201cTrabajar con ellas fue una oportunidad para que Latinoam\u00e9rica conozca sus historias, que en sus pa\u00edses se sientan honrados de su talento\u201d.<\/font><\/p>\n<p><font size=\"3\">Dice que este ejercicio colectivo le demuestra a la industria \u201cque podemos trabajar unidos, que no se trata de que haya competencias, aqu\u00ed lo que se trata es que trabajemos en llave y fortalecidos a trav\u00e9s de nuestros oficios y el respeto a la moda\u201d.<\/font><\/p>\n<p><font size=\"3\">Si algo caracteriza a Guarnizo en sus dise\u00f1os es la carga simb\u00f3lica. Este a\u00f1o se ver\u00e1n mariposas troqueladas en lentejuelas \u201cque logramos con la ayuda de la tecnolog\u00eda\u201d. Los materiales que us\u00f3 para la creaci\u00f3n de las prendas (tienen una mezcla artesanal), adem\u00e1s de los org\u00e1nicos, son el poli\u00e9ster reciclado.<\/font><\/p>\n<p><font size=\"3\">La puesta en escena tuvo 40 salidas compuesta por diferentes referencias entre faldas, pantalones y vestidos. Estar\u00e1 dividida en tres grupos de colores: azules, naranjas y rosas con efecto empolvado.<\/font><\/p>\n<p><font size=\"3\">\u201cEsta colecci\u00f3n es un mensaje de esperanza, solidaridad y uni\u00f3n. Los valores que queremos resaltar son esos que est\u00e1n perdidos y violentados como el amor propio, la autoestima y, sobre todo, la vida. Quiero que la gente aprenda a que se puede pedir ayuda, que si se trabaja en equipo nos salvamos todos\u201d.<\/font><\/p>\n<p><font size=\"3\">Tanto Guarnizo como cada una de las seis dise\u00f1adoras con las que hizo equipo donar\u00e1n una de sus creaciones para ser subastadas en un evento especial que se llevar\u00e1 a cabo en el mismo lugar una vez finalice la pasarela. Con el dinero recaudado se apoyar\u00e1 a la fundaci\u00f3n \u2018Arropame con tu esperanza\u2019 de la lideresa social <i>Yolanda Perea<\/i>, defensora de las mujeres y v\u00edctima del conflicto armado.<\/font><\/p>\n<p><font size=\"3\">Finalmente, el dise\u00f1ador colombiano reitera que \u00e9l ve la moda como un manifiesto de vida. \u201cPara vivir hay que abrigarse o desabrigarse de acuerdo al clima, y con lo que se hace se llama moda, lo que se pone cada persona habla, la ropa se vuelve en un micr\u00f3fono, un bafle o un manifiesto de lo que se siente\u201d.<\/font><\/p>\nngg_shortcode_0_placeholder\n","protected":false},"excerpt":{"rendered":"<p>El dise\u00f1ador Diego Guarnizo dice que luego de tener covid-19 hace dos meses \u2014estuvo dos semanas en UCI y otras dos en hospitalizaci\u00f3n\u2014, la energ\u00eda de su familia y amigos le salvaron la vida. Alejandro, su amor, tambi\u00e9n fue fundamental&hellip;<\/p>\n<p class=\"more-link-p\"><a class=\"more-link\" href=\"https:\/\/bobvarela.com\/?p=139195\">Read more &rarr;<\/a><\/p>\n","protected":false},"author":1,"featured_media":0,"comment_status":"open","ping_status":"open","sticky":false,"template":"","format":"standard","meta":{"ngg_post_thumbnail":0,"footnotes":""},"categories":[417,4],"tags":[],"class_list":["post-139195","post","type-post","status-publish","format-standard","hentry","category-colombiamoda","category-moda"],"_links":{"self":[{"href":"https:\/\/bobvarela.com\/index.php?rest_route=\/wp\/v2\/posts\/139195","targetHints":{"allow":["GET"]}}],"collection":[{"href":"https:\/\/bobvarela.com\/index.php?rest_route=\/wp\/v2\/posts"}],"about":[{"href":"https:\/\/bobvarela.com\/index.php?rest_route=\/wp\/v2\/types\/post"}],"author":[{"embeddable":true,"href":"https:\/\/bobvarela.com\/index.php?rest_route=\/wp\/v2\/users\/1"}],"replies":[{"embeddable":true,"href":"https:\/\/bobvarela.com\/index.php?rest_route=%2Fwp%2Fv2%2Fcomments&post=139195"}],"version-history":[{"count":1,"href":"https:\/\/bobvarela.com\/index.php?rest_route=\/wp\/v2\/posts\/139195\/revisions"}],"predecessor-version":[{"id":139196,"href":"https:\/\/bobvarela.com\/index.php?rest_route=\/wp\/v2\/posts\/139195\/revisions\/139196"}],"wp:attachment":[{"href":"https:\/\/bobvarela.com\/index.php?rest_route=%2Fwp%2Fv2%2Fmedia&parent=139195"}],"wp:term":[{"taxonomy":"category","embeddable":true,"href":"https:\/\/bobvarela.com\/index.php?rest_route=%2Fwp%2Fv2%2Fcategories&post=139195"},{"taxonomy":"post_tag","embeddable":true,"href":"https:\/\/bobvarela.com\/index.php?rest_route=%2Fwp%2Fv2%2Ftags&post=139195"}],"curies":[{"name":"wp","href":"https:\/\/api.w.org\/{rel}","templated":true}]}}