{"id":139434,"date":"2021-08-10T06:04:43","date_gmt":"2021-08-10T10:04:43","guid":{"rendered":"https:\/\/bobvarela.com\/?p=139434"},"modified":"2021-08-10T06:04:43","modified_gmt":"2021-08-10T10:04:43","slug":"talento-upb-celebr-en-colombiamoda-sus-20-aos","status":"publish","type":"post","link":"https:\/\/bobvarela.com\/?p=139434","title":{"rendered":"Talento UPB celebr&oacute; en Colombiamoda sus 20 a&ntilde;os"},"content":{"rendered":"<p align=\"justify\"><font size=\"3\">Egresados de la Facultad de Dise\u00f1o de Vestuario de la Universidad Pontificia Bolivariana participaron con sus marcas en la Pasarela UPB en Colombiamoda 2021.<\/font><\/p>\n<p align=\"justify\"><font size=\"3\">En el marco de esta pasarela, la Facultad de Dise\u00f1o de Vestuario conmemor\u00f3 sus 20 a\u00f1os de vida acad\u00e9mica, tiempo en el que el pregrado ha vivido grandes transformaciones que van ligadas a la \u00e9poca del momento, investigaciones del mercado en distintos campos, a la moda comercial, puestas en escena y mucho m\u00e1s.<\/font><\/p>\n<p align=\"justify\"><font size=\"3\">La Pasarela UPB se llev\u00f3 a cabo el pasado 27 de julio en Plaza Mayor, donde egresados, a partir de sus ideas de negocio creadas en las aulas de clases, en los talleres y en los laboratorios de la Universidad y con su enfoque, trabajo e imp<\/font><font size=\"3\">ulso como dise\u00f1adores, han consolidado sus marcas como propuestas de dise\u00f1o creativas y con visi\u00f3n empresarial.<\/font><\/p>\n<p align=\"justify\"><font size=\"3\">Para Mauricio Vel\u00e1squez, director de la Facultad de Dise\u00f1o de Vestuario, hacer un homenaje a los 20 a\u00f1os del programa con sus egresados es algo muy importante y especial, porque ellos son la muestra del compromiso que tiene la Facultad con el dise\u00f1o, la creatividad y la excelencia.<\/font><\/p>\n<p align=\"justify\"><font size=\"3\"><em>\u201cLa pasarela en Colombiamoda ha sido una oportunidad para poner en escena y visualizar el talento de nuestros dise\u00f1adores, al igual que la calidad y formaci\u00f3n de nuestro programa\u201d<\/em>, a\u00f1adi\u00f3 Mauricio.<\/font><\/p>\n<p align=\"justify\">ngg_shortcode_0_placeholder<\/p>\n<p align=\"justify\">\n","protected":false},"excerpt":{"rendered":"<p>Egresados de la Facultad de Dise\u00f1o de Vestuario de la Universidad Pontificia Bolivariana participaron con sus marcas en la Pasarela UPB en Colombiamoda 2021. En el marco de esta pasarela, la Facultad de Dise\u00f1o de Vestuario conmemor\u00f3 sus 20 a\u00f1os&hellip;<\/p>\n<p class=\"more-link-p\"><a class=\"more-link\" href=\"https:\/\/bobvarela.com\/?p=139434\">Read more &rarr;<\/a><\/p>\n","protected":false},"author":1,"featured_media":0,"comment_status":"open","ping_status":"open","sticky":false,"template":"","format":"standard","meta":{"ngg_post_thumbnail":0,"footnotes":""},"categories":[417,4],"tags":[],"class_list":["post-139434","post","type-post","status-publish","format-standard","hentry","category-colombiamoda","category-moda"],"_links":{"self":[{"href":"https:\/\/bobvarela.com\/index.php?rest_route=\/wp\/v2\/posts\/139434","targetHints":{"allow":["GET"]}}],"collection":[{"href":"https:\/\/bobvarela.com\/index.php?rest_route=\/wp\/v2\/posts"}],"about":[{"href":"https:\/\/bobvarela.com\/index.php?rest_route=\/wp\/v2\/types\/post"}],"author":[{"embeddable":true,"href":"https:\/\/bobvarela.com\/index.php?rest_route=\/wp\/v2\/users\/1"}],"replies":[{"embeddable":true,"href":"https:\/\/bobvarela.com\/index.php?rest_route=%2Fwp%2Fv2%2Fcomments&post=139434"}],"version-history":[{"count":1,"href":"https:\/\/bobvarela.com\/index.php?rest_route=\/wp\/v2\/posts\/139434\/revisions"}],"predecessor-version":[{"id":139435,"href":"https:\/\/bobvarela.com\/index.php?rest_route=\/wp\/v2\/posts\/139434\/revisions\/139435"}],"wp:attachment":[{"href":"https:\/\/bobvarela.com\/index.php?rest_route=%2Fwp%2Fv2%2Fmedia&parent=139434"}],"wp:term":[{"taxonomy":"category","embeddable":true,"href":"https:\/\/bobvarela.com\/index.php?rest_route=%2Fwp%2Fv2%2Fcategories&post=139434"},{"taxonomy":"post_tag","embeddable":true,"href":"https:\/\/bobvarela.com\/index.php?rest_route=%2Fwp%2Fv2%2Ftags&post=139434"}],"curies":[{"name":"wp","href":"https:\/\/api.w.org\/{rel}","templated":true}]}}