{"id":139459,"date":"2021-08-16T05:41:27","date_gmt":"2021-08-16T09:41:27","guid":{"rendered":"https:\/\/bobvarela.com\/?p=139459"},"modified":"2021-08-16T05:44:19","modified_gmt":"2021-08-16T09:44:19","slug":"juan-coln-swim-resort-2021","status":"publish","type":"post","link":"https:\/\/bobvarela.com\/?p=139459","title":{"rendered":"Juan Col&oacute;n Swim Resort 2021"},"content":{"rendered":"<p align=\"center\"><font size=\"3\"><a href=\"https:\/\/bobvarela.com\/wp-content\/uploads\/2021\/08\/IMG_1213.jpg\"><img loading=\"lazy\" decoding=\"async\" width=\"483\" height=\"326\" title=\"IMG_1213\" style=\"display: inline; background-image: none;\" alt=\"IMG_1213\" src=\"https:\/\/bobvarela.com\/wp-content\/uploads\/2021\/08\/IMG_1213_thumb.jpg\" border=\"0\"\/><\/a><\/font><\/p>\n<p align=\"justify\"><font size=\"3\">En d\u00edas recientes el dise\u00f1ador Juan Col\u00f3n present\u00f3 su colecci\u00f3n Swim Resort 2021 en las Facilidades de la Casa Cultural Ruth Hernandez en Rio Piedras. La colecci\u00f3n compuesta por 22 looks, present\u00f3 una moda diversa donde el prop\u00f3sito es que las piezas fueran utilizadas tanto como para actividades casuales ,c\u00f3cteles y hasta brunch. Los colores predominantes fueron los tonos de violetas y negro.<\/font><\/p>\n<p align=\"justify\">ngg_shortcode_0_placeholder<\/p>\n","protected":false},"excerpt":{"rendered":"<p>En d\u00edas recientes el dise\u00f1ador Juan Col\u00f3n present\u00f3 su colecci\u00f3n Swim Resort 2021 en las Facilidades de la Casa Cultural Ruth Hernandez en Rio Piedras. La colecci\u00f3n compuesta por 22 looks, present\u00f3 una moda diversa donde el prop\u00f3sito es que&hellip;<\/p>\n<p class=\"more-link-p\"><a class=\"more-link\" href=\"https:\/\/bobvarela.com\/?p=139459\">Read more &rarr;<\/a><\/p>\n","protected":false},"author":1,"featured_media":0,"comment_status":"open","ping_status":"open","sticky":false,"template":"","format":"standard","meta":{"ngg_post_thumbnail":0,"footnotes":""},"categories":[4,295],"tags":[],"class_list":["post-139459","post","type-post","status-publish","format-standard","hentry","category-moda","category-puerto-rico"],"_links":{"self":[{"href":"https:\/\/bobvarela.com\/index.php?rest_route=\/wp\/v2\/posts\/139459","targetHints":{"allow":["GET"]}}],"collection":[{"href":"https:\/\/bobvarela.com\/index.php?rest_route=\/wp\/v2\/posts"}],"about":[{"href":"https:\/\/bobvarela.com\/index.php?rest_route=\/wp\/v2\/types\/post"}],"author":[{"embeddable":true,"href":"https:\/\/bobvarela.com\/index.php?rest_route=\/wp\/v2\/users\/1"}],"replies":[{"embeddable":true,"href":"https:\/\/bobvarela.com\/index.php?rest_route=%2Fwp%2Fv2%2Fcomments&post=139459"}],"version-history":[{"count":2,"href":"https:\/\/bobvarela.com\/index.php?rest_route=\/wp\/v2\/posts\/139459\/revisions"}],"predecessor-version":[{"id":139463,"href":"https:\/\/bobvarela.com\/index.php?rest_route=\/wp\/v2\/posts\/139459\/revisions\/139463"}],"wp:attachment":[{"href":"https:\/\/bobvarela.com\/index.php?rest_route=%2Fwp%2Fv2%2Fmedia&parent=139459"}],"wp:term":[{"taxonomy":"category","embeddable":true,"href":"https:\/\/bobvarela.com\/index.php?rest_route=%2Fwp%2Fv2%2Fcategories&post=139459"},{"taxonomy":"post_tag","embeddable":true,"href":"https:\/\/bobvarela.com\/index.php?rest_route=%2Fwp%2Fv2%2Ftags&post=139459"}],"curies":[{"name":"wp","href":"https:\/\/api.w.org\/{rel}","templated":true}]}}