{"id":140096,"date":"2021-09-12T08:28:17","date_gmt":"2021-09-12T12:28:17","guid":{"rendered":"https:\/\/bobvarela.com\/?p=140096"},"modified":"2021-09-12T08:28:17","modified_gmt":"2021-09-12T12:28:17","slug":"jason-wu-primavera-verano-2022","status":"publish","type":"post","link":"https:\/\/bobvarela.com\/?p=140096","title":{"rendered":"Jason Wu Primavera Verano 2022"},"content":{"rendered":"<p align=\"justify\"><font size=\"3\">Mucho tiempo privado en la pandemia fue claramente \u00fatil para Jason Wu, quien dio a conocer uno de sus mejores espect\u00e1culos el viernes a la hora del almuerzo.<br \/>Jason organiz\u00f3 su \u00faltimo espect\u00e1culo en una galer\u00eda del centro, adornada con plantas y flores extendidas, alrededor de las cuales camin\u00f3 suelenco. Continuando con ese tema, un tr\u00edo de looks de estampado floral negro y antracita, con los detalles esponjados, un traje hecho de bolero y c\u00e1rdigan, un vestido curvil\u00edneo y una envase, fueron bastante maravillosos.<br \/>Las ideas m\u00e1s audaces de Wu fueron los estampados expresionistas abstractos de tie-dye, vistos en grandes crinolinas, o algunos c\u00f3cteles de corte realmente geniales, que expusieron acres de pierna. Al igual que un combo de jersey de cachemira lila y falda de lentejuelas.<br \/>En conjunto, esta fue una colecci\u00f3n <i>de Gone-with-the-Wind-meets-the-urban-jungle <\/i>que logr\u00f3 ser rom\u00e1ntica pero tambi\u00e9n contundente. Otras versiones del vestido modernista de Vivien Leigh ven\u00edan en amarillo canario o negro deste\u00f1ido.<br \/>De hecho, la decisi\u00f3n de Jason de trabajar con la fabricante de telas Cara Marie Piazza y sus ideas impresionistas poco convencionales llevaron esta colecci\u00f3n a otro<br \/>nivel. Wu es normalmente un mejor dise\u00f1ador de invierno que de verano, cuyas parkas jazzeadas son imprescindibles en los d\u00edas fr\u00edos de enero y febrero en Nueva York. Pero esta fue una buena declaraci\u00f3n, y probablemente la expresi\u00f3n m\u00e1s memorable de Jason de la moda primaveral.<\/font><\/p>\n<p align=\"justify\">ngg_shortcode_0_placeholder<\/p>\n","protected":false},"excerpt":{"rendered":"<p>Mucho tiempo privado en la pandemia fue claramente \u00fatil para Jason Wu, quien dio a conocer uno de sus mejores espect\u00e1culos el viernes a la hora del almuerzo.Jason organiz\u00f3 su \u00faltimo espect\u00e1culo en una galer\u00eda del centro, adornada con plantas&hellip;<\/p>\n<p class=\"more-link-p\"><a class=\"more-link\" href=\"https:\/\/bobvarela.com\/?p=140096\">Read more &rarr;<\/a><\/p>\n","protected":false},"author":1,"featured_media":0,"comment_status":"open","ping_status":"open","sticky":false,"template":"","format":"standard","meta":{"ngg_post_thumbnail":0,"footnotes":""},"categories":[4,422],"tags":[],"class_list":["post-140096","post","type-post","status-publish","format-standard","hentry","category-moda","category-new-york"],"_links":{"self":[{"href":"https:\/\/bobvarela.com\/index.php?rest_route=\/wp\/v2\/posts\/140096","targetHints":{"allow":["GET"]}}],"collection":[{"href":"https:\/\/bobvarela.com\/index.php?rest_route=\/wp\/v2\/posts"}],"about":[{"href":"https:\/\/bobvarela.com\/index.php?rest_route=\/wp\/v2\/types\/post"}],"author":[{"embeddable":true,"href":"https:\/\/bobvarela.com\/index.php?rest_route=\/wp\/v2\/users\/1"}],"replies":[{"embeddable":true,"href":"https:\/\/bobvarela.com\/index.php?rest_route=%2Fwp%2Fv2%2Fcomments&post=140096"}],"version-history":[{"count":1,"href":"https:\/\/bobvarela.com\/index.php?rest_route=\/wp\/v2\/posts\/140096\/revisions"}],"predecessor-version":[{"id":140097,"href":"https:\/\/bobvarela.com\/index.php?rest_route=\/wp\/v2\/posts\/140096\/revisions\/140097"}],"wp:attachment":[{"href":"https:\/\/bobvarela.com\/index.php?rest_route=%2Fwp%2Fv2%2Fmedia&parent=140096"}],"wp:term":[{"taxonomy":"category","embeddable":true,"href":"https:\/\/bobvarela.com\/index.php?rest_route=%2Fwp%2Fv2%2Fcategories&post=140096"},{"taxonomy":"post_tag","embeddable":true,"href":"https:\/\/bobvarela.com\/index.php?rest_route=%2Fwp%2Fv2%2Ftags&post=140096"}],"curies":[{"name":"wp","href":"https:\/\/api.w.org\/{rel}","templated":true}]}}