{"id":140288,"date":"2021-09-12T12:36:20","date_gmt":"2021-09-12T16:36:20","guid":{"rendered":"https:\/\/bobvarela.com\/?p=140288"},"modified":"2021-09-12T12:36:20","modified_gmt":"2021-09-12T16:36:20","slug":"patbo-primavera-verano-2022","status":"publish","type":"post","link":"https:\/\/bobvarela.com\/?p=140288","title":{"rendered":"PatBO Primavera Verano 2022"},"content":{"rendered":"<p align=\"justify\"><font size=\"3\">La fundadora y directora creativa de PatBO, Patricia Bonaldi, present\u00f3 su colecci\u00f3n Primavera\/Verano 2022 el 8 de septiembre en el recientemente inaugurado restaurante Le Pavillon dirigido por el chef Daniel Boulud.<\/font><\/p>\n<p align=\"justify\"><font size=\"3\">El espacio modernista en la avenida Vanderbilt fue el escenario perfecto para que la dise\u00f1adora brasile\u00f1a presentara su primer desfile en persona durante la Semana de la Moda de Nueva York. El atrio de vidrio est\u00e1 lleno de luz natural, plantas ex\u00f3ticas y la sensaci\u00f3n de tranquilidad de estar lejos de la ciudad afuera.<\/font><\/p>\n<p align=\"justify\"><font size=\"3\">Para su primera colecci\u00f3n de pasarela, Bonaldi busc\u00f3 amplificar los elementos de sus dise\u00f1os que han hecho de la marca lo que es hoy: adornos de flecos, recortes sofisticados e intrincados bordados y cuentas a mano.<\/font><\/p>\n<p align=\"justify\"><font size=\"3\">Cada pieza muestra su devoci\u00f3n por la artesan\u00eda y el empoderamiento de los artesanos talentosos en Brasil.<\/font><\/p>\n<p align=\"justify\"><font size=\"3\">La supermodelo y nativa de Brasil Alessandra Ambrosio abri\u00f3 el desfile con un par de pantalones de moda masculina cortados de tela de lino fluido con una cintura estilo cors\u00e9 y bralette coordinado.<\/font><\/p>\n<p align=\"justify\"><font size=\"3\">Debido a que no podemos tener suficiente, Ambrosio cerr\u00f3 el espect\u00e1culo con un vestido de playa de manga larga, una silueta de la firma PatBO que es adorada por todas las personalidades de las redes sociales.<\/font><\/p>\n<p align=\"justify\">ngg_shortcode_0_placeholder<\/p>\n","protected":false},"excerpt":{"rendered":"<p>La fundadora y directora creativa de PatBO, Patricia Bonaldi, present\u00f3 su colecci\u00f3n Primavera\/Verano 2022 el 8 de septiembre en el recientemente inaugurado restaurante Le Pavillon dirigido por el chef Daniel Boulud. El espacio modernista en la avenida Vanderbilt fue el&hellip;<\/p>\n<p class=\"more-link-p\"><a class=\"more-link\" href=\"https:\/\/bobvarela.com\/?p=140288\">Read more &rarr;<\/a><\/p>\n","protected":false},"author":1,"featured_media":0,"comment_status":"open","ping_status":"open","sticky":false,"template":"","format":"standard","meta":{"ngg_post_thumbnail":0,"footnotes":""},"categories":[4,422],"tags":[],"class_list":["post-140288","post","type-post","status-publish","format-standard","hentry","category-moda","category-new-york"],"_links":{"self":[{"href":"https:\/\/bobvarela.com\/index.php?rest_route=\/wp\/v2\/posts\/140288","targetHints":{"allow":["GET"]}}],"collection":[{"href":"https:\/\/bobvarela.com\/index.php?rest_route=\/wp\/v2\/posts"}],"about":[{"href":"https:\/\/bobvarela.com\/index.php?rest_route=\/wp\/v2\/types\/post"}],"author":[{"embeddable":true,"href":"https:\/\/bobvarela.com\/index.php?rest_route=\/wp\/v2\/users\/1"}],"replies":[{"embeddable":true,"href":"https:\/\/bobvarela.com\/index.php?rest_route=%2Fwp%2Fv2%2Fcomments&post=140288"}],"version-history":[{"count":1,"href":"https:\/\/bobvarela.com\/index.php?rest_route=\/wp\/v2\/posts\/140288\/revisions"}],"predecessor-version":[{"id":140289,"href":"https:\/\/bobvarela.com\/index.php?rest_route=\/wp\/v2\/posts\/140288\/revisions\/140289"}],"wp:attachment":[{"href":"https:\/\/bobvarela.com\/index.php?rest_route=%2Fwp%2Fv2%2Fmedia&parent=140288"}],"wp:term":[{"taxonomy":"category","embeddable":true,"href":"https:\/\/bobvarela.com\/index.php?rest_route=%2Fwp%2Fv2%2Fcategories&post=140288"},{"taxonomy":"post_tag","embeddable":true,"href":"https:\/\/bobvarela.com\/index.php?rest_route=%2Fwp%2Fv2%2Ftags&post=140288"}],"curies":[{"name":"wp","href":"https:\/\/api.w.org\/{rel}","templated":true}]}}