{"id":140457,"date":"2021-09-13T05:52:41","date_gmt":"2021-09-13T09:52:41","guid":{"rendered":"https:\/\/bobvarela.com\/?p=140457"},"modified":"2021-09-13T05:52:41","modified_gmt":"2021-09-13T09:52:41","slug":"altuzarra-primavera-verano-2022","status":"publish","type":"post","link":"https:\/\/bobvarela.com\/?p=140457","title":{"rendered":"Altuzarra Primavera Verano 2022"},"content":{"rendered":"<p align=\"justify\"><font size=\"3\">Despu\u00e9s de cuatro a\u00f1os de desfile en Par\u00eds, la temporada Primavera\/Verano 2022 marca el regreso a la Semana de la Moda de Nueva York para Altuzarra. Un regreso a casa en lugar de un regreso ,el dise\u00f1ador ha plantado firmemente su marca hom\u00f3nima entre las principales casas de moda desde su lanzamiento en 2008-, Altuzarra pas\u00f3 el a\u00f1o pasado desarrollando la nueva colecci\u00f3n y quer\u00eda que reflejara la sensaci\u00f3n de renacimiento que presenci\u00f3 en la ciudad despu\u00e9s de que COVID-19 hubiera cerrado gran parte de ella.<\/font><\/p>\n<p align=\"justify\"><font size=\"3\">&#8220;Fue una experiencia emocional, estar aqu\u00ed en 2020 y pasar por ese momento realmente perturbador&#8221;, reflexiona, refiri\u00e9ndose no solo al trauma compartido de la pandemia, sino tambi\u00e9n a la violencia que enfrent\u00f3 la comunidad asi\u00e1tico-estadounidense e isle\u00f1a del Pac\u00edfico en el \u00faltimo a\u00f1o. Cuando la ciudad reabri\u00f3, Altuzarra dice que &#8220;quer\u00eda sentir que era parte de esta comunidad de Nueva York que estaba mejorando la ciudad y trayendo la ciudad de vuelta&#8221;.<\/font><\/p>\n<p align=\"justify\"><font size=\"3\">Si bien present\u00f3 la colecci\u00f3n Oto\u00f1o\/Invierno 2021 a trav\u00e9s de un lookbook fotografiado en una casa de Manhattan mientras los espect\u00e1culos en persona a\u00fan estaban en espera en marzo pasado, Altuzarra comenz\u00f3 a hacer gui\u00f1os al esp\u00edritu de renacimiento que celebra en su regreso oficial al escenario de NYFW, m\u00e1s obviamente en motivos de alas de mariposa que adornan una serie de vestidos coloridos<\/font><\/p>\n<p align=\"justify\"><font size=\"3\">Poder ir entre Par\u00eds y Nueva York, seg\u00fan el dise\u00f1ador, refleja c\u00f3mo &#8220;el lenguaje de la moda es tan global&#8221;. Ser capaz de crear &#8220;un di\u00e1logo con diferentes personas, diferentes audiencias&#8221;, ha imbuido el trabajo de Altuzarra de una atracci\u00f3n universal que habla a los diversos mercados. Como dise\u00f1ador que se cri\u00f3 en Par\u00eds, con sede en Nueva York y plantas de producci\u00f3n en Italia, esta globalizaci\u00f3n es tambi\u00e9n una de las razones por las que el dise\u00f1ador presenta una colecci\u00f3n see-now, buy-now en asociaci\u00f3n con Afterpay esta temporada.<\/font><\/p>\n<p align=\"justify\"><font size=\"3\">&#8220;Ellujo sol\u00eda ser este tipo de segmento inalcanzable y exclusivo del mercado que no se ofrec\u00eda a todos&#8221;, dice. &#8220;Hoy en d\u00eda, el lujo tiene que hablar con el mundo en general, tiene que hablar un idioma cultural m\u00e1s diverso&#8221;. En lugar de que las casas de lujo dicten lo que ser\u00e1 en la pr\u00f3xima temporada, los dise\u00f1adores buscan que los consumidores sacian un hambre m\u00e1s inmediata de estilo. Poder comprar la colecci\u00f3n en la temporada actual hace que la edici\u00f3n sea m\u00e1s deliberada de piezas de punto modernas, vestidos estampados y trajes sin esfuerzo.<\/font><\/p>\n<p align=\"justify\"><font size=\"3\">&#8220;Hay toda esta generaci\u00f3n de dise\u00f1adores, de los que espero ser parte, que est\u00e1n empezando a empujar los l\u00edmites de lo que es el lujo inclusivo&#8221;, comparte Altuzarra. &#8220;Es realmente emocionante, y Nueva York realmente est\u00e1 innovando en ese tipo de espacio&#8221;.<\/font><\/p>\n<p align=\"justify\">ngg_shortcode_0_placeholder<\/p>\n","protected":false},"excerpt":{"rendered":"<p>Despu\u00e9s de cuatro a\u00f1os de desfile en Par\u00eds, la temporada Primavera\/Verano 2022 marca el regreso a la Semana de la Moda de Nueva York para Altuzarra. Un regreso a casa en lugar de un regreso ,el dise\u00f1ador ha plantado firmemente&hellip;<\/p>\n<p class=\"more-link-p\"><a class=\"more-link\" href=\"https:\/\/bobvarela.com\/?p=140457\">Read more &rarr;<\/a><\/p>\n","protected":false},"author":1,"featured_media":0,"comment_status":"open","ping_status":"open","sticky":false,"template":"","format":"standard","meta":{"ngg_post_thumbnail":0,"footnotes":""},"categories":[4,422],"tags":[],"class_list":["post-140457","post","type-post","status-publish","format-standard","hentry","category-moda","category-new-york"],"_links":{"self":[{"href":"https:\/\/bobvarela.com\/index.php?rest_route=\/wp\/v2\/posts\/140457","targetHints":{"allow":["GET"]}}],"collection":[{"href":"https:\/\/bobvarela.com\/index.php?rest_route=\/wp\/v2\/posts"}],"about":[{"href":"https:\/\/bobvarela.com\/index.php?rest_route=\/wp\/v2\/types\/post"}],"author":[{"embeddable":true,"href":"https:\/\/bobvarela.com\/index.php?rest_route=\/wp\/v2\/users\/1"}],"replies":[{"embeddable":true,"href":"https:\/\/bobvarela.com\/index.php?rest_route=%2Fwp%2Fv2%2Fcomments&post=140457"}],"version-history":[{"count":1,"href":"https:\/\/bobvarela.com\/index.php?rest_route=\/wp\/v2\/posts\/140457\/revisions"}],"predecessor-version":[{"id":140458,"href":"https:\/\/bobvarela.com\/index.php?rest_route=\/wp\/v2\/posts\/140457\/revisions\/140458"}],"wp:attachment":[{"href":"https:\/\/bobvarela.com\/index.php?rest_route=%2Fwp%2Fv2%2Fmedia&parent=140457"}],"wp:term":[{"taxonomy":"category","embeddable":true,"href":"https:\/\/bobvarela.com\/index.php?rest_route=%2Fwp%2Fv2%2Fcategories&post=140457"},{"taxonomy":"post_tag","embeddable":true,"href":"https:\/\/bobvarela.com\/index.php?rest_route=%2Fwp%2Fv2%2Ftags&post=140457"}],"curies":[{"name":"wp","href":"https:\/\/api.w.org\/{rel}","templated":true}]}}