{"id":140735,"date":"2021-09-22T07:07:55","date_gmt":"2021-09-22T11:07:55","guid":{"rendered":"https:\/\/bobvarela.com\/?p=140735"},"modified":"2021-09-22T07:07:55","modified_gmt":"2021-09-22T11:07:55","slug":"bora-aksu-primavera-verano","status":"publish","type":"post","link":"https:\/\/bobvarela.com\/?p=140735","title":{"rendered":"Bora Aksu Primavera Verano"},"content":{"rendered":"<p align=\"justify\"><font size=\"3\">&#8220;Si la gente no te nota, es mejor que no existas&#8221;. As\u00ed fue la cita de apertura en las notas del desfile <\/font><font size=\"3\">Primavera\/Verano 2022<\/font><font size=\"3\"> del dise\u00f1ador brit\u00e1nico-turco <\/font><font size=\"3\">Bora Aksu, <\/font><font size=\"3\">atribuidas a la socialit\u00e9 holandesa e \u00edcono de la moda Mathilde Willink, quien tambi\u00e9n sirvi\u00f3 como musa de la colecci\u00f3n. Es una cita que encarna f\u00e1cilmente la era de las redes sociales, pero el apogeo de Willink fue en los a\u00f1os 60 y 70, donde fue una figura clave en el renacimiento hedonista de la escena cultural de los Pa\u00edses Bajos, gracias, en parte, a su matrimonio con el pintor Carel Willink. El estilo MO de Mathilde era ecl\u00e9ctico y exc\u00e9ntrico: cabello y maquillaje intergal\u00e1cticos mezclados con vestidos de la \u00e9poca del Renacimiento y corseter\u00eda, una mezcla audaz que la convirti\u00f3 en la mujer ideal de Bora Aksu.<\/font><\/p>\n<p align=\"justify\"><font size=\"3\">Para SS22, una colecci\u00f3n exhibida en un jard\u00edn privado de Pall Mall en el centro de Londres, Aksu anunci\u00f3 el regreso de los desfiles de IRL en la Semana de la Moda de Londres con su maximalismo rom\u00e1ntico caracter\u00edstico. Aksu ha mezclado durante mucho tiempo la teatralidad del volumen y el color con la sastrer\u00eda que empina su ropa en la vida real: y para SS22 eso significaba trajes de camisa a cuadros preppy, gabardinas favorecedoras en un tono moderno de rosa polvoriento y chaquetas a medida encogidas cinchadas con cinturones a cuadros verdes usados sobre vestidos de d\u00eda de encaje fluidos.<\/font><\/p>\n<p align=\"justify\"><font size=\"3\">El espect\u00e1culo se cerr\u00f3 con un grupo de vestidos tecnicolores (lim\u00f3n, lavanda, esmeralda y fresa) hechos con tul de seda y tafet\u00e1n, y fijados con flores de appliqu\u00e8 y lazos de seda de gran tama\u00f1o. La ropa de noche es, por supuesto, lo que ha hecho de Aksu un nombre querido tanto en su Reino Unido natal como a nivel internacional, particularmente en Asia, donde se encuentra la mayor\u00eda de sus negocios. Fue un v\u00ednculo conmovedor que Mathilde Willink fuera embajadora y musa del dise\u00f1ador chino-holand\u00e9s Fong Leng. La mayor\u00eda de sus conjuntos m\u00e1s memorables fueron elaborados por Leng, cuya mezcla de influencia china con estilo bohemio de los a\u00f1os 70 y motivos tomados de la aristocracia europea del siglo 18 se mezclaron a la perfecci\u00f3n a trav\u00e9s de la oferta SS22 de Aksu<\/font><\/p>\n<p align=\"justify\">ngg_shortcode_0_placeholder<\/p>\n","protected":false},"excerpt":{"rendered":"<p>&#8220;Si la gente no te nota, es mejor que no existas&#8221;. As\u00ed fue la cita de apertura en las notas del desfile Primavera\/Verano 2022 del dise\u00f1ador brit\u00e1nico-turco Bora Aksu, atribuidas a la socialit\u00e9 holandesa e \u00edcono de la moda Mathilde&hellip;<\/p>\n<p class=\"more-link-p\"><a class=\"more-link\" href=\"https:\/\/bobvarela.com\/?p=140735\">Read more &rarr;<\/a><\/p>\n","protected":false},"author":1,"featured_media":0,"comment_status":"open","ping_status":"open","sticky":false,"template":"","format":"standard","meta":{"ngg_post_thumbnail":0,"footnotes":""},"categories":[4],"tags":[],"class_list":["post-140735","post","type-post","status-publish","format-standard","hentry","category-moda"],"_links":{"self":[{"href":"https:\/\/bobvarela.com\/index.php?rest_route=\/wp\/v2\/posts\/140735","targetHints":{"allow":["GET"]}}],"collection":[{"href":"https:\/\/bobvarela.com\/index.php?rest_route=\/wp\/v2\/posts"}],"about":[{"href":"https:\/\/bobvarela.com\/index.php?rest_route=\/wp\/v2\/types\/post"}],"author":[{"embeddable":true,"href":"https:\/\/bobvarela.com\/index.php?rest_route=\/wp\/v2\/users\/1"}],"replies":[{"embeddable":true,"href":"https:\/\/bobvarela.com\/index.php?rest_route=%2Fwp%2Fv2%2Fcomments&post=140735"}],"version-history":[{"count":1,"href":"https:\/\/bobvarela.com\/index.php?rest_route=\/wp\/v2\/posts\/140735\/revisions"}],"predecessor-version":[{"id":140736,"href":"https:\/\/bobvarela.com\/index.php?rest_route=\/wp\/v2\/posts\/140735\/revisions\/140736"}],"wp:attachment":[{"href":"https:\/\/bobvarela.com\/index.php?rest_route=%2Fwp%2Fv2%2Fmedia&parent=140735"}],"wp:term":[{"taxonomy":"category","embeddable":true,"href":"https:\/\/bobvarela.com\/index.php?rest_route=%2Fwp%2Fv2%2Fcategories&post=140735"},{"taxonomy":"post_tag","embeddable":true,"href":"https:\/\/bobvarela.com\/index.php?rest_route=%2Fwp%2Fv2%2Ftags&post=140735"}],"curies":[{"name":"wp","href":"https:\/\/api.w.org\/{rel}","templated":true}]}}