{"id":140932,"date":"2021-09-23T05:42:40","date_gmt":"2021-09-23T09:42:40","guid":{"rendered":"https:\/\/bobvarela.com\/?p=140932"},"modified":"2021-09-23T05:42:40","modified_gmt":"2021-09-23T09:42:40","slug":"alberta-ferretti-primavera-verano-2022","status":"publish","type":"post","link":"https:\/\/bobvarela.com\/?p=140932","title":{"rendered":"Alberta Ferretti Primavera Verano 2022"},"content":{"rendered":"<p align=\"justify\"><font size=\"3\">Conocida por su ropa diurna y nocturna, Alberta Ferretti present\u00f3 su colecci\u00f3n Primavera\/Verano 2022 que combina comodidad y looks chic.<\/font><\/p>\n<p align=\"justify\"><font size=\"3\">La marca italiana abri\u00f3 sus puertas en el jard\u00edn del claustro San Simpliciano de Mil\u00e1n. El suave sonido de la fuente en el n\u00facleo de la bas\u00edlica y la discreta m\u00fasica r\u00edtmica que la acompa\u00f1aba asentaban el tono y enfatizaban el vestuario.<\/font><\/p>\n<p align=\"justify\"><font size=\"3\">Las modelos pasearon por la pasarela bajo las arcadas con variadas prendas.<\/font><\/p>\n<p align=\"justify\"><font size=\"3\">Inicialmente conocida por sus estilos delicados y evasivos, las t\u00e9cnicas de drapeado y tucking est\u00e1n de vuelta en la nueva colecci\u00f3n de Alberta Ferretti. Los colores org\u00e1nicos que pod\u00edamos asociar al Sahara de Saint Laurent, mezclando colores beige natural, caqui y arena nos estaban sumergiendo en el verano. Los materiales fluidos que alberta Ferretti utiliz\u00f3, dan una silueta femenina segura. En lino o seda, la moda femenina de este a\u00f1o est\u00e1 mostrando personalidad, actitud y car\u00e1cter.<\/font><\/p>\n<p align=\"justify\"><font size=\"3\">La ropa discreta y transparente, principalmente mangas y chaquetas de velo, sublimaba y abrazaba las figuras para resaltar las formas del cuerpo.<\/font><\/p>\n<p align=\"justify\"><font size=\"3\">La ropa y los accesorios con flecos fueron predominantes en esta colecci\u00f3n en la que se combinaron prendas de punto y texturas de malla. Para completar los looks, se asociaron zapatos descalzos de estilo romano a cada prenda.<\/font><\/p>\n<p align=\"justify\"><font size=\"3\">La ropa superpuesta que ten\u00eda una tendencia simple se asoci\u00f3 como mosaicos coloridos que representaban una peque\u00f1a parte de la colecci\u00f3n, pero pod\u00edan ritmo a sus pr\u00f3ximas vacaciones de verano con impresiones relajadas.<\/font><\/p>\n<p align=\"justify\"><font size=\"3\">La ropa festiva de purpurina tambi\u00e9n formaba parte de la pasarela, pero f\u00e1cilmente pod\u00eda percibirse como una pieza atemporal, elegante y brillante.<\/font><\/p>\n<p align=\"justify\"><font size=\"3\">ngg_shortcode_0_placeholder<\/font><\/p>\n<p align=\"justify\">\n","protected":false},"excerpt":{"rendered":"<p>Conocida por su ropa diurna y nocturna, Alberta Ferretti present\u00f3 su colecci\u00f3n Primavera\/Verano 2022 que combina comodidad y looks chic. La marca italiana abri\u00f3 sus puertas en el jard\u00edn del claustro San Simpliciano de Mil\u00e1n. El suave sonido de la&hellip;<\/p>\n<p class=\"more-link-p\"><a class=\"more-link\" href=\"https:\/\/bobvarela.com\/?p=140932\">Read more &rarr;<\/a><\/p>\n","protected":false},"author":1,"featured_media":0,"comment_status":"open","ping_status":"open","sticky":false,"template":"","format":"standard","meta":{"ngg_post_thumbnail":0,"footnotes":""},"categories":[4],"tags":[],"class_list":["post-140932","post","type-post","status-publish","format-standard","hentry","category-moda"],"_links":{"self":[{"href":"https:\/\/bobvarela.com\/index.php?rest_route=\/wp\/v2\/posts\/140932","targetHints":{"allow":["GET"]}}],"collection":[{"href":"https:\/\/bobvarela.com\/index.php?rest_route=\/wp\/v2\/posts"}],"about":[{"href":"https:\/\/bobvarela.com\/index.php?rest_route=\/wp\/v2\/types\/post"}],"author":[{"embeddable":true,"href":"https:\/\/bobvarela.com\/index.php?rest_route=\/wp\/v2\/users\/1"}],"replies":[{"embeddable":true,"href":"https:\/\/bobvarela.com\/index.php?rest_route=%2Fwp%2Fv2%2Fcomments&post=140932"}],"version-history":[{"count":1,"href":"https:\/\/bobvarela.com\/index.php?rest_route=\/wp\/v2\/posts\/140932\/revisions"}],"predecessor-version":[{"id":140933,"href":"https:\/\/bobvarela.com\/index.php?rest_route=\/wp\/v2\/posts\/140932\/revisions\/140933"}],"wp:attachment":[{"href":"https:\/\/bobvarela.com\/index.php?rest_route=%2Fwp%2Fv2%2Fmedia&parent=140932"}],"wp:term":[{"taxonomy":"category","embeddable":true,"href":"https:\/\/bobvarela.com\/index.php?rest_route=%2Fwp%2Fv2%2Fcategories&post=140932"},{"taxonomy":"post_tag","embeddable":true,"href":"https:\/\/bobvarela.com\/index.php?rest_route=%2Fwp%2Fv2%2Ftags&post=140932"}],"curies":[{"name":"wp","href":"https:\/\/api.w.org\/{rel}","templated":true}]}}