{"id":141259,"date":"2021-09-24T05:30:28","date_gmt":"2021-09-24T09:30:28","guid":{"rendered":"https:\/\/bobvarela.com\/?p=141259"},"modified":"2021-09-24T05:30:28","modified_gmt":"2021-09-24T09:30:28","slug":"emporio-armani-primavera-verano-2022","status":"publish","type":"post","link":"https:\/\/bobvarela.com\/?p=141259","title":{"rendered":"Emporio Armani Primavera Verano 2022"},"content":{"rendered":"<p align=\"justify\"><font size=\"3\">El dise\u00f1ador italiano Giorgio Armani present\u00f3 el jueves una colecci\u00f3n ligera y fluida de Emporio Armani para mujeres y hombres en la Semana de la Moda de Mil\u00e1n, al momento de los 40 a\u00f1os de la marca.<\/font><\/p>\n<p align=\"justify\"><font size=\"3\">El desfile de primavera\/verano 2022 cont\u00f3 con una variedad de vestidos de gasa, monos, blazers ligeros y trajes tipo pijama en materiales suaves. Emporio Armani es vista como una marca m\u00e1s juvenil que la l\u00ednea principal de Giorgio Armani del veterano dise\u00f1ador.<\/font><\/p>\n<p align=\"justify\"><font size=\"3\">Para las mujeres, las chaquetas de parka estaban adornadas con cremalleras, los pantalones eran ligeros y a veces vistosos, mientras que los tops de gasa se combinaban con faldas de gasa o pantalones cortos.<\/font><\/p>\n<p align=\"justify\"><font size=\"3\">Armani, de 87 a\u00f1os, comenz\u00f3 el desfile en suaves tonos de camello, gris, beige, rosa que se convirtieron en azules, verdes y rojos m\u00e1s audaces. La ropa de noche consist\u00eda en brillantes vestidos de lentejuelas y brillantes atuendos de top y falda. Algunos dise\u00f1os ten\u00edan estampados florales y decoraciones.<\/font><\/p>\n<p align=\"justify\"><font size=\"3\">&#8220;Esta temporada, el viaje comienza en un desierto imaginario, cruzando su oasis y terminando en colores vibrantes&#8221;, dijeron las notas del programa. &#8220;Todo se mezcla, con bastante libertad&#8221;.<\/font><\/p>\n<p align=\"justify\"><font size=\"3\">Para los hombres, hab\u00eda blazers a medida, tops de t\u00fanica y pantalones de pijama. Los pantalones tambi\u00e9n llevaban estampados, mientras que los pantalones cortos de Bermuda se combinaban con camisas sedosas.<\/font><\/p>\n<p align=\"justify\"><font size=\"3\">En una entrevista con Women&#8217;s Wear Daily, Armani dijo que Emporio Armani, cuyo logotipo es un \u00e1guila, hab\u00eda &#8220;evolucionado mucho&#8221; a lo largo de las d\u00e9cadas.<\/font><\/p>\n<p align=\"justify\"><font size=\"3\">&#8220;(Ha encontrado) una oferta de dise\u00f1o ampliada y un p\u00fablico m\u00e1s amplio. Emporio Armani hoy es extremadamente variado, de acuerdo con los tiempos, que han cambiado&#8221;, dijo.<\/font><\/p>\n<p align=\"justify\"><font size=\"3\">&#8220;La juventud hoy no es una cuesti\u00f3n de edad, sino una sensaci\u00f3n, una forma de ser. As\u00ed que Emporio sigue siendo una marca de contenedores, en la que todo el mundo puede encontrar algo. El esp\u00edritu es libre, metropolitano y din\u00e1mico&#8221;.<\/font><\/p>\n<p align=\"justify\">ngg_shortcode_0_placeholder<\/p>\n","protected":false},"excerpt":{"rendered":"<p>El dise\u00f1ador italiano Giorgio Armani present\u00f3 el jueves una colecci\u00f3n ligera y fluida de Emporio Armani para mujeres y hombres en la Semana de la Moda de Mil\u00e1n, al momento de los 40 a\u00f1os de la marca. El desfile de&hellip;<\/p>\n<p class=\"more-link-p\"><a class=\"more-link\" href=\"https:\/\/bobvarela.com\/?p=141259\">Read more &rarr;<\/a><\/p>\n","protected":false},"author":1,"featured_media":0,"comment_status":"open","ping_status":"open","sticky":false,"template":"","format":"standard","meta":{"ngg_post_thumbnail":0,"footnotes":""},"categories":[4],"tags":[],"class_list":["post-141259","post","type-post","status-publish","format-standard","hentry","category-moda"],"_links":{"self":[{"href":"https:\/\/bobvarela.com\/index.php?rest_route=\/wp\/v2\/posts\/141259","targetHints":{"allow":["GET"]}}],"collection":[{"href":"https:\/\/bobvarela.com\/index.php?rest_route=\/wp\/v2\/posts"}],"about":[{"href":"https:\/\/bobvarela.com\/index.php?rest_route=\/wp\/v2\/types\/post"}],"author":[{"embeddable":true,"href":"https:\/\/bobvarela.com\/index.php?rest_route=\/wp\/v2\/users\/1"}],"replies":[{"embeddable":true,"href":"https:\/\/bobvarela.com\/index.php?rest_route=%2Fwp%2Fv2%2Fcomments&post=141259"}],"version-history":[{"count":1,"href":"https:\/\/bobvarela.com\/index.php?rest_route=\/wp\/v2\/posts\/141259\/revisions"}],"predecessor-version":[{"id":141260,"href":"https:\/\/bobvarela.com\/index.php?rest_route=\/wp\/v2\/posts\/141259\/revisions\/141260"}],"wp:attachment":[{"href":"https:\/\/bobvarela.com\/index.php?rest_route=%2Fwp%2Fv2%2Fmedia&parent=141259"}],"wp:term":[{"taxonomy":"category","embeddable":true,"href":"https:\/\/bobvarela.com\/index.php?rest_route=%2Fwp%2Fv2%2Fcategories&post=141259"},{"taxonomy":"post_tag","embeddable":true,"href":"https:\/\/bobvarela.com\/index.php?rest_route=%2Fwp%2Fv2%2Ftags&post=141259"}],"curies":[{"name":"wp","href":"https:\/\/api.w.org\/{rel}","templated":true}]}}