{"id":141263,"date":"2021-09-24T05:46:27","date_gmt":"2021-09-24T09:46:27","guid":{"rendered":"https:\/\/bobvarela.com\/?p=141263"},"modified":"2021-09-24T05:46:27","modified_gmt":"2021-09-24T09:46:27","slug":"fabiana-filipp-primavera-verano-2022","status":"publish","type":"post","link":"https:\/\/bobvarela.com\/?p=141263","title":{"rendered":"Fabiana Filipp Primavera Verano 2022"},"content":{"rendered":"<p align=\"justify\"><font size=\"3\">Elementos florales, sombras, gestos y voces femeninas configuran el escenario de un cuadro art\u00edstico. Uni\u00f3n: una oda a la amistad dentro del universo femenino, una historia conceptual de dos amigas contadas a trav\u00e9s de la colecci\u00f3n de la nueva temporada.? Un nuevo paisaje y nuevas siluetas para la representaci\u00f3n visual de la colecci\u00f3n Fabiana Filippi Primavera Verano 2022 con un enfoque en el rojo, un color estacional .?<\/font><\/p>\n<p align=\"justify\">ngg_shortcode_0_placeholder<\/p>\n<p align=\"justify\"><font size=\"3\"><br \/><\/font><\/p>\n","protected":false},"excerpt":{"rendered":"<p>Elementos florales, sombras, gestos y voces femeninas configuran el escenario de un cuadro art\u00edstico. Uni\u00f3n: una oda a la amistad dentro del universo femenino, una historia conceptual de dos amigas contadas a trav\u00e9s de la colecci\u00f3n de la nueva temporada.?&hellip;<\/p>\n<p class=\"more-link-p\"><a class=\"more-link\" href=\"https:\/\/bobvarela.com\/?p=141263\">Read more &rarr;<\/a><\/p>\n","protected":false},"author":1,"featured_media":0,"comment_status":"open","ping_status":"open","sticky":false,"template":"","format":"standard","meta":{"ngg_post_thumbnail":0,"footnotes":""},"categories":[4],"tags":[],"class_list":["post-141263","post","type-post","status-publish","format-standard","hentry","category-moda"],"_links":{"self":[{"href":"https:\/\/bobvarela.com\/index.php?rest_route=\/wp\/v2\/posts\/141263","targetHints":{"allow":["GET"]}}],"collection":[{"href":"https:\/\/bobvarela.com\/index.php?rest_route=\/wp\/v2\/posts"}],"about":[{"href":"https:\/\/bobvarela.com\/index.php?rest_route=\/wp\/v2\/types\/post"}],"author":[{"embeddable":true,"href":"https:\/\/bobvarela.com\/index.php?rest_route=\/wp\/v2\/users\/1"}],"replies":[{"embeddable":true,"href":"https:\/\/bobvarela.com\/index.php?rest_route=%2Fwp%2Fv2%2Fcomments&post=141263"}],"version-history":[{"count":1,"href":"https:\/\/bobvarela.com\/index.php?rest_route=\/wp\/v2\/posts\/141263\/revisions"}],"predecessor-version":[{"id":141264,"href":"https:\/\/bobvarela.com\/index.php?rest_route=\/wp\/v2\/posts\/141263\/revisions\/141264"}],"wp:attachment":[{"href":"https:\/\/bobvarela.com\/index.php?rest_route=%2Fwp%2Fv2%2Fmedia&parent=141263"}],"wp:term":[{"taxonomy":"category","embeddable":true,"href":"https:\/\/bobvarela.com\/index.php?rest_route=%2Fwp%2Fv2%2Fcategories&post=141263"},{"taxonomy":"post_tag","embeddable":true,"href":"https:\/\/bobvarela.com\/index.php?rest_route=%2Fwp%2Fv2%2Ftags&post=141263"}],"curies":[{"name":"wp","href":"https:\/\/api.w.org\/{rel}","templated":true}]}}