{"id":141530,"date":"2021-09-26T08:35:15","date_gmt":"2021-09-26T12:35:15","guid":{"rendered":"https:\/\/bobvarela.com\/?p=141530"},"modified":"2021-09-26T08:35:15","modified_gmt":"2021-09-26T12:35:15","slug":"dolce-gabbana-primavera-verano-2022","status":"publish","type":"post","link":"https:\/\/bobvarela.com\/?p=141530","title":{"rendered":"Dolce &amp; Gabbana Primavera Verano 2022"},"content":{"rendered":"<p align=\"justify\"><font size=\"3\">La casa de moda italiana Dolce &amp; Gabbana nunca decepciona, y este a\u00f1o, realmente definieron el brillo y el glamour mientras lo llevaban a la pasarela con su colecci\u00f3n Primavera\/Verano 2022. En la moda cl\u00e1sica de Dolce &amp; Gabbana, la pasarela goteaba joyas y estampados llamativos. En cierto modo, nos trajo de vuelta al Dolce &amp; Gabbana de principios de la d\u00e9cada de 2000.<\/font><\/p>\n<p align=\"justify\"><font size=\"3\">Las modelos se pasearon por la pasarela espejada perfectamente en sinton\u00eda con la embriagadora &#8220;You See the Trouble with Me &#8211; We&#8217;ll Be in Trouble Radio Edit&#8221; de Black Legend, que contribuy\u00f3 m\u00e1s a la animada atm\u00f3sfera y el entorno.<\/font><\/p>\n<p align=\"justify\"><font size=\"3\">Combinando texturas, la colecci\u00f3n ten\u00eda una sensaci\u00f3n vanguardista que se une al glamour de lujo, con moto-chaquetas negras en conjunto con tachuelas, jeans y pantalones holgados con incrustaciones de gemas brillantes y patrones intrincados desde florales hasta estampados de leopardo.<\/font><\/p>\n<p><font size=\"3\">Dolce &amp; Gabbana aport\u00f3 un nuevo significado al power blazer, retratando siluetas extravagantes y enormes hombreras con formas que se asemejaban a alas o incrustadas con charreteras de hombros.<\/font><\/p>\n<p align=\"justify\"><font size=\"3\">Los motivos de cors\u00e9 tambi\u00e9n se hicieron paso por toda la colecci\u00f3n, tomando forma en pantalones, vestidos y faldas, lo que seguramente trajo un estilo sexy a la pasarela<\/font>.<\/p>\n<p align=\"justify\">ngg_shortcode_0_placeholder<\/p>\n<p><a href=\"https:\/\/vmagazine.com\/slideshow\/167044\/dolce-gabbanas-spring-summer-2022-collection-is-all-about-sultry-glam\/#slide3\"><\/p>\n<p><\/p>\n<p><\/a><\/p>\n","protected":false},"excerpt":{"rendered":"<p>La casa de moda italiana Dolce &amp; Gabbana nunca decepciona, y este a\u00f1o, realmente definieron el brillo y el glamour mientras lo llevaban a la pasarela con su colecci\u00f3n Primavera\/Verano 2022. En la moda cl\u00e1sica de Dolce &amp; Gabbana, la&hellip;<\/p>\n<p class=\"more-link-p\"><a class=\"more-link\" href=\"https:\/\/bobvarela.com\/?p=141530\">Read more &rarr;<\/a><\/p>\n","protected":false},"author":1,"featured_media":0,"comment_status":"open","ping_status":"open","sticky":false,"template":"","format":"standard","meta":{"ngg_post_thumbnail":0,"footnotes":""},"categories":[4],"tags":[],"class_list":["post-141530","post","type-post","status-publish","format-standard","hentry","category-moda"],"_links":{"self":[{"href":"https:\/\/bobvarela.com\/index.php?rest_route=\/wp\/v2\/posts\/141530","targetHints":{"allow":["GET"]}}],"collection":[{"href":"https:\/\/bobvarela.com\/index.php?rest_route=\/wp\/v2\/posts"}],"about":[{"href":"https:\/\/bobvarela.com\/index.php?rest_route=\/wp\/v2\/types\/post"}],"author":[{"embeddable":true,"href":"https:\/\/bobvarela.com\/index.php?rest_route=\/wp\/v2\/users\/1"}],"replies":[{"embeddable":true,"href":"https:\/\/bobvarela.com\/index.php?rest_route=%2Fwp%2Fv2%2Fcomments&post=141530"}],"version-history":[{"count":1,"href":"https:\/\/bobvarela.com\/index.php?rest_route=\/wp\/v2\/posts\/141530\/revisions"}],"predecessor-version":[{"id":141531,"href":"https:\/\/bobvarela.com\/index.php?rest_route=\/wp\/v2\/posts\/141530\/revisions\/141531"}],"wp:attachment":[{"href":"https:\/\/bobvarela.com\/index.php?rest_route=%2Fwp%2Fv2%2Fmedia&parent=141530"}],"wp:term":[{"taxonomy":"category","embeddable":true,"href":"https:\/\/bobvarela.com\/index.php?rest_route=%2Fwp%2Fv2%2Fcategories&post=141530"},{"taxonomy":"post_tag","embeddable":true,"href":"https:\/\/bobvarela.com\/index.php?rest_route=%2Fwp%2Fv2%2Ftags&post=141530"}],"curies":[{"name":"wp","href":"https:\/\/api.w.org\/{rel}","templated":true}]}}