{"id":141534,"date":"2021-09-26T08:36:40","date_gmt":"2021-09-26T12:36:40","guid":{"rendered":"https:\/\/bobvarela.com\/?p=141534"},"modified":"2021-09-26T08:36:40","modified_gmt":"2021-09-26T12:36:40","slug":"giorgio-armani-primavera-verano-2022","status":"publish","type":"post","link":"https:\/\/bobvarela.com\/?p=141534","title":{"rendered":"GIORGIO ARMANI Primavera Verano 2022"},"content":{"rendered":"<p align=\"justify\"><font size=\"3\">Transparencias, pantalones de har\u00e9n, vestidos largos y brillantes fueron algunos de los elementos principales del <em>Runway.<\/em> <strong>Giorgio Armani<\/strong> nos habla de una<strong> primavera-verano italiana<\/strong>, tomando los colores de una puesta de sol en el mar como azules, blancos y rojos.<\/font><\/p>\n<p align=\"justify\"><font size=\"3\"><strong>Giorgio<\/strong> nos habla de una noche donde elegancia innata no falta y nos propone looks femeninos hecha de brillo y glamour dise\u00f1ada por una de las mentes m\u00e1s brillantes de la moda italiana, cada look nos sumerg\u00edan en feminidad, gracia y ligereza. Sin duda esta noche nuestros corazones se fijan en una colecci\u00f3n que nos muestra a la mujer del futuro en el mundo de <strong>Armani<\/strong>.<\/font><\/p>\n<p align=\"justify\"><font size=\"3\">La pasarela comenz\u00f3 con<strong> L\u2019infinito<\/strong>, de <strong>Giacomo Leopardi<\/strong>, y luego arranc\u00f3 por todo lo alto con algunas de las canciones m\u00e1s ic\u00f3nicas del panorama musical italiano: como \u201cLegata a un granello di sabbia\u201d, de<strong> Nico Fidenco<\/strong>, \u201cChe il Mediterrano sia\u201d, de <strong>Bennato<\/strong> y \u201cBandiera Bianca\u201d, de <strong>Battiato<\/strong>. El desfile de <strong>Armani<\/strong> habla de un verano que llega entre las olas del mar y un<strong><em> Made in Italy<\/em><\/strong> caracter\u00edstico.<\/font><\/p>\n<p align=\"justify\">ngg_shortcode_0_placeholder<\/p>\n","protected":false},"excerpt":{"rendered":"<p>Transparencias, pantalones de har\u00e9n, vestidos largos y brillantes fueron algunos de los elementos principales del Runway. Giorgio Armani nos habla de una primavera-verano italiana, tomando los colores de una puesta de sol en el mar como azules, blancos y rojos.&hellip;<\/p>\n<p class=\"more-link-p\"><a class=\"more-link\" href=\"https:\/\/bobvarela.com\/?p=141534\">Read more &rarr;<\/a><\/p>\n","protected":false},"author":1,"featured_media":0,"comment_status":"open","ping_status":"open","sticky":false,"template":"","format":"standard","meta":{"ngg_post_thumbnail":0,"footnotes":""},"categories":[4],"tags":[],"class_list":["post-141534","post","type-post","status-publish","format-standard","hentry","category-moda"],"_links":{"self":[{"href":"https:\/\/bobvarela.com\/index.php?rest_route=\/wp\/v2\/posts\/141534","targetHints":{"allow":["GET"]}}],"collection":[{"href":"https:\/\/bobvarela.com\/index.php?rest_route=\/wp\/v2\/posts"}],"about":[{"href":"https:\/\/bobvarela.com\/index.php?rest_route=\/wp\/v2\/types\/post"}],"author":[{"embeddable":true,"href":"https:\/\/bobvarela.com\/index.php?rest_route=\/wp\/v2\/users\/1"}],"replies":[{"embeddable":true,"href":"https:\/\/bobvarela.com\/index.php?rest_route=%2Fwp%2Fv2%2Fcomments&post=141534"}],"version-history":[{"count":1,"href":"https:\/\/bobvarela.com\/index.php?rest_route=\/wp\/v2\/posts\/141534\/revisions"}],"predecessor-version":[{"id":141535,"href":"https:\/\/bobvarela.com\/index.php?rest_route=\/wp\/v2\/posts\/141534\/revisions\/141535"}],"wp:attachment":[{"href":"https:\/\/bobvarela.com\/index.php?rest_route=%2Fwp%2Fv2%2Fmedia&parent=141534"}],"wp:term":[{"taxonomy":"category","embeddable":true,"href":"https:\/\/bobvarela.com\/index.php?rest_route=%2Fwp%2Fv2%2Fcategories&post=141534"},{"taxonomy":"post_tag","embeddable":true,"href":"https:\/\/bobvarela.com\/index.php?rest_route=%2Fwp%2Fv2%2Ftags&post=141534"}],"curies":[{"name":"wp","href":"https:\/\/api.w.org\/{rel}","templated":true}]}}