{"id":141801,"date":"2021-10-03T07:55:12","date_gmt":"2021-10-03T11:55:12","guid":{"rendered":"https:\/\/bobvarela.com\/?p=141801"},"modified":"2021-10-03T08:17:31","modified_gmt":"2021-10-03T12:17:31","slug":"cinco-siglos-de-moda-el-desfile","status":"publish","type":"post","link":"https:\/\/bobvarela.com\/?p=141801","title":{"rendered":"Cinco Siglos de Moda El desfile"},"content":{"rendered":"<p align=\"justify\"><font size=\"3\">El 1 de octubre de 2021 se present\u00f3 en el Atrio Central de Plaza Las Am\u00e9ricas., <b><i>Cinco Siglos de Moda<\/i><\/b>, un desfile de modas en el que sobre 40 dise\u00f1adores puertorrique\u00f1os mostrar\u00f3n sus piezas inspiradas en los cinco siglos de historia de San Juan.<\/font><\/p>\n<p align=\"justify\"><font size=\"3\">Este desfile es para para rendir homenaje a la fundaci\u00f3n de la Ciudad Capital a trav\u00e9s de la moda puertorrique\u00f1a. Esto ser\u00e1 un recorrido cultural, arquitect\u00f3nico, art\u00edstico e iconogr\u00e1fico enmarcando la historia capitalina a trav\u00e9s de la moda\u201d.<\/font><\/p>\n<p align=\"justify\"><font size=\"3\">Carlota Alfaro, Bea Rodr\u00edguez, Carlos Alberto, David Antonio, Ecl\u00edptica, Edd Aponte, Eddie Laboyx, Edzel Giovanni, Elda Samano, Elier Aubret, Gustavo Arango, Harry Robles, H\u00e9ctor Omar, Heriberto V\u00e1zquez, Innova Corsetry, Jaer Caban , Javier Arnaldo, Jos\u00e9 Braulio, Jos\u00e9 Ra\u00fal, Joseph Da\u2019Ponte, Juan Colon, Lilliam Landr\u00f3n, Lilian Cordero, Lisa Cappalli, Lisa Porrata, Lisa Thon, Lorena Arvelo, Mara Garc\u00eda, Marcos Carrazana, Of Atelier, Reynaldo Jos\u00e9, Shirley Krifter, Sonia Rivera, , y Tommie Hern\u00e1ndez, entre otros.<\/font><\/p>\n<p align=\"justify\">ngg_shortcode_0_placeholder<\/p>\n","protected":false},"excerpt":{"rendered":"<p>El 1 de octubre de 2021 se present\u00f3 en el Atrio Central de Plaza Las Am\u00e9ricas., Cinco Siglos de Moda, un desfile de modas en el que sobre 40 dise\u00f1adores puertorrique\u00f1os mostrar\u00f3n sus piezas inspiradas en los cinco siglos de&hellip;<\/p>\n<p class=\"more-link-p\"><a class=\"more-link\" href=\"https:\/\/bobvarela.com\/?p=141801\">Read more &rarr;<\/a><\/p>\n","protected":false},"author":1,"featured_media":0,"comment_status":"open","ping_status":"open","sticky":false,"template":"","format":"standard","meta":{"ngg_post_thumbnail":0,"footnotes":""},"categories":[4,295],"tags":[],"class_list":["post-141801","post","type-post","status-publish","format-standard","hentry","category-moda","category-puerto-rico"],"_links":{"self":[{"href":"https:\/\/bobvarela.com\/index.php?rest_route=\/wp\/v2\/posts\/141801","targetHints":{"allow":["GET"]}}],"collection":[{"href":"https:\/\/bobvarela.com\/index.php?rest_route=\/wp\/v2\/posts"}],"about":[{"href":"https:\/\/bobvarela.com\/index.php?rest_route=\/wp\/v2\/types\/post"}],"author":[{"embeddable":true,"href":"https:\/\/bobvarela.com\/index.php?rest_route=\/wp\/v2\/users\/1"}],"replies":[{"embeddable":true,"href":"https:\/\/bobvarela.com\/index.php?rest_route=%2Fwp%2Fv2%2Fcomments&post=141801"}],"version-history":[{"count":2,"href":"https:\/\/bobvarela.com\/index.php?rest_route=\/wp\/v2\/posts\/141801\/revisions"}],"predecessor-version":[{"id":141803,"href":"https:\/\/bobvarela.com\/index.php?rest_route=\/wp\/v2\/posts\/141801\/revisions\/141803"}],"wp:attachment":[{"href":"https:\/\/bobvarela.com\/index.php?rest_route=%2Fwp%2Fv2%2Fmedia&parent=141801"}],"wp:term":[{"taxonomy":"category","embeddable":true,"href":"https:\/\/bobvarela.com\/index.php?rest_route=%2Fwp%2Fv2%2Fcategories&post=141801"},{"taxonomy":"post_tag","embeddable":true,"href":"https:\/\/bobvarela.com\/index.php?rest_route=%2Fwp%2Fv2%2Ftags&post=141801"}],"curies":[{"name":"wp","href":"https:\/\/api.w.org\/{rel}","templated":true}]}}