{"id":141884,"date":"2021-10-03T08:55:28","date_gmt":"2021-10-03T12:55:28","guid":{"rendered":"https:\/\/bobvarela.com\/?p=141884"},"modified":"2021-10-03T08:55:28","modified_gmt":"2021-10-03T12:55:28","slug":"emilio-pucci-primavera-verano-2022","status":"publish","type":"post","link":"https:\/\/bobvarela.com\/?p=141884","title":{"rendered":"Emilio Pucci Primavera Verano 2022"},"content":{"rendered":"<p align=\"justify\"><font size=\"3\">La colecci\u00f3n Primavera\/Verano 2022 de Emilio Pucci nos deja so\u00f1ando despiertos con unas vacaciones de verano. Podemos oler el protector solar, probar las margaritas con borde de sal, sentir los labios agrietados, incluso a siete meses de distancia. Esta serie revisa las impresiones de archivo de las primeras inspiraciones y equilibra la diversi\u00f3n bajo el sol con la sofisticaci\u00f3n elegante. La colecci\u00f3n incluye tops recortados restaurados, beachy-frocks, conjuntos de co-ord y vestidos ventosos.<\/font><\/p>\n<p align=\"justify\"><font size=\"3\">Pucci se adhiere a los pasteles, suaves como la tiza en la acera. Mientras gravitamos hacia los colores de bloque, vemos tops bandeau de limonada y minifaldas revoloteando. Los huesos de la cadera sobresalen a trav\u00e9s de fundas transparentes con cuentas. Vestidos de bufanda vaporosa de tr\u00e9bol y nudo de lavanda alrededor del cuello y ondulaci\u00f3n hasta los tobillos. Los co-ords del color de una piscina clorada est\u00e1n adornados con algas marinas y gr\u00e1ficos tropicales ondulados. Las espaldas abiertas revelan espinas bistadas por el sol.<\/font><\/p>\n<p align=\"justify\"><font size=\"3\">Las p\u00e1lidas frocks transparentes envuelven el cuerpo y se combinan con bolsas y sandalias azules de algod\u00f3n de az\u00facar con plumas. Los escotes hundidos se combinan con una sastrer\u00eda boxy. Los gr\u00e1ficos se colocan cuidadosamente, para respetar la pureza del dise\u00f1o de Pucci. El vestido m\u00e1s cautivador es de cuerpo completo, adornado con estampados arremolinados de verde gimlet, marr\u00f3n latte y rubor, sim\u00e9tricos como alas de polilla.<\/font><\/p>\n<p align=\"justify\">ngg_shortcode_0_placeholder<\/p>\n","protected":false},"excerpt":{"rendered":"<p>La colecci\u00f3n Primavera\/Verano 2022 de Emilio Pucci nos deja so\u00f1ando despiertos con unas vacaciones de verano. Podemos oler el protector solar, probar las margaritas con borde de sal, sentir los labios agrietados, incluso a siete meses de distancia. Esta serie&hellip;<\/p>\n<p class=\"more-link-p\"><a class=\"more-link\" href=\"https:\/\/bobvarela.com\/?p=141884\">Read more &rarr;<\/a><\/p>\n","protected":false},"author":1,"featured_media":0,"comment_status":"open","ping_status":"open","sticky":false,"template":"","format":"standard","meta":{"ngg_post_thumbnail":0,"footnotes":""},"categories":[4],"tags":[],"class_list":["post-141884","post","type-post","status-publish","format-standard","hentry","category-moda"],"_links":{"self":[{"href":"https:\/\/bobvarela.com\/index.php?rest_route=\/wp\/v2\/posts\/141884","targetHints":{"allow":["GET"]}}],"collection":[{"href":"https:\/\/bobvarela.com\/index.php?rest_route=\/wp\/v2\/posts"}],"about":[{"href":"https:\/\/bobvarela.com\/index.php?rest_route=\/wp\/v2\/types\/post"}],"author":[{"embeddable":true,"href":"https:\/\/bobvarela.com\/index.php?rest_route=\/wp\/v2\/users\/1"}],"replies":[{"embeddable":true,"href":"https:\/\/bobvarela.com\/index.php?rest_route=%2Fwp%2Fv2%2Fcomments&post=141884"}],"version-history":[{"count":1,"href":"https:\/\/bobvarela.com\/index.php?rest_route=\/wp\/v2\/posts\/141884\/revisions"}],"predecessor-version":[{"id":141885,"href":"https:\/\/bobvarela.com\/index.php?rest_route=\/wp\/v2\/posts\/141884\/revisions\/141885"}],"wp:attachment":[{"href":"https:\/\/bobvarela.com\/index.php?rest_route=%2Fwp%2Fv2%2Fmedia&parent=141884"}],"wp:term":[{"taxonomy":"category","embeddable":true,"href":"https:\/\/bobvarela.com\/index.php?rest_route=%2Fwp%2Fv2%2Fcategories&post=141884"},{"taxonomy":"post_tag","embeddable":true,"href":"https:\/\/bobvarela.com\/index.php?rest_route=%2Fwp%2Fv2%2Ftags&post=141884"}],"curies":[{"name":"wp","href":"https:\/\/api.w.org\/{rel}","templated":true}]}}