{"id":142059,"date":"2021-10-08T07:07:36","date_gmt":"2021-10-08T11:07:36","guid":{"rendered":"https:\/\/bobvarela.com\/?p=142059"},"modified":"2021-10-08T07:07:36","modified_gmt":"2021-10-08T11:07:36","slug":"rubn-daro-celebra-25-aniversario-en-la-moda-con-homenaje-a-la-mujer-puertorriquea","status":"publish","type":"post","link":"https:\/\/bobvarela.com\/?p=142059","title":{"rendered":"Rub&eacute;n Dar&iacute;o Celebra 25 Aniversario en la Moda con Homenaje a la Mujer Puertorrique&ntilde;a"},"content":{"rendered":"<p align=\"center\"><font size=\"3\"><a href=\"https:\/\/bobvarela.com\/wp-content\/uploads\/2021\/10\/IMG_8054.jpg\"><img loading=\"lazy\" decoding=\"async\" width=\"314\" height=\"469\" title=\"IMG_8054\" style=\"display: inline; background-image: none;\" alt=\"IMG_8054\" src=\"https:\/\/bobvarela.com\/wp-content\/uploads\/2021\/10\/IMG_8054_thumb.jpg\" border=\"0\"\/><\/a><\/font><\/p>\n<p align=\"justify\"><font size=\"3\">El destacado dise\u00f1ador puertorrique\u00f1o Rub\u00e9n Dar\u00edo celebra sus 25 A\u00f1os de carrera en la industria de la moda en Puerto Rico con la presentaci\u00f3n de la colecci\u00f3n \u201cPrima Donna,\u201d inspirado en el esp\u00edritu y la resilencia de la mujer latina, especialmente la mujer puertorrique\u00f1a. <\/font><\/p>\n<p align=\"justify\"><font size=\"3\">La cita es el pr\u00f3ximo s\u00e1bado 16 de octubre de 2021 a las 7:30 p.m. en la Plaza Banco Popular del Distrito de Convenciones T-Mobile en Miramar. <\/font><\/p>\n<p align=\"justify\"><font size=\"3\">\u201cCelebro la entereza y liderato de la mujer boricua durante estos meses,\u201d dijo el dise\u00f1ador. \u201cGracias a ellas, mantuvimos a este pueblo de pie. Ahora volvemos a un calendario social que se va normalizando. Volvemos a reunirnos, a coordinar salidas\u2026y a redescubrir la moda.\u201d<\/font><\/p>\n<p align=\"justify\"><font size=\"3\">\u201cNaturalmente segu\u00ed trabajando y creando desde mi taller,\u201d coment\u00f3, al explicar su rutina durante la pandemia. \u201c\u2026sin descuidar las recomendaciones y medidas de salud, pero activo visualizando nuevas ideas y dise\u00f1os para el momento de retomar las pasarelas.\u201d<\/font><\/p>\n<p align=\"center\"><font size=\"3\"><a href=\"https:\/\/bobvarela.com\/wp-content\/uploads\/2021\/10\/IMG_8193.jpg\"><img loading=\"lazy\" decoding=\"async\" width=\"413\" height=\"617\" title=\"IMG_8193\" style=\"display: inline; background-image: none;\" alt=\"IMG_8193\" src=\"https:\/\/bobvarela.com\/wp-content\/uploads\/2021\/10\/IMG_8193_thumb.jpg\" border=\"0\"\/><\/a><\/font><\/p>\n<p align=\"justify\"><b><font size=\"3\">Prima Donna<\/font><\/b><\/p>\n<p align=\"justify\"><font size=\"3\">En \u201cPrima Donna\u201d Rub\u00e9n Dario combina su respetado estilo de alta costura y confecci\u00f3n impecable, con escogidas tendencias actuales de la moda global. El resultado es una colecci\u00f3n h\u00edper sofisticada de 30 piezas para la mujer&nbsp; fuerte que reconoce el valor de la est\u00e9tica y la individualidad. <\/font><\/p>\n<p align=\"justify\"><font size=\"3\">\u201cMi estilo es uno de l\u00edneas limpias, rectas\u2026mis colecciones son atemporales,\u201d dijo el artista, natural de Gurabo. \u201cMe gustan las siluetas no muy convencionales, tejidos puros y colores brillantes de gran impacto.\u201d<\/font><\/p>\n<p align=\"justify\"><font size=\"3\">La consistencia y la elegancia son el hilo conductor que une las colecciones de Rub\u00e9n Dar\u00edo, quien a trav\u00e9s de su carrera ha sabido mantener el balance perfecto entre lo sofisticado y lo creativo sin caer en las garras de tendencias masivas o pasajeras. En el tema de siluetas, claramente se decanta por los vestidos de sustancia y ocasi\u00f3n subrayando elementos arquitect\u00f3nicos que imparten una presencia sin igual.<\/font><\/p>\n<p align=\"justify\"><font size=\"3\">Lo mismo dise\u00f1a formas nuevas jugando con el volumen y las telas que reinterpreta los cl\u00e1sicos a\u00f1adiendo drama y coqueter\u00eda con elementos como lazadas, ribetes, tachones y tirantes. <\/font><\/p>\n<p align=\"justify\"><font size=\"3\">En \u201cPrima Donna\u201d presta especial atenci\u00f3n al color, la textura y los detalles artesanales en la elaboraci\u00f3n de cada pieza. <\/font><\/p>\n<p align=\"justify\"><font size=\"3\">\u201cLas mangas son relevantes, las telas son importantes,\u201d comenta Rub\u00e9n Dar\u00edo a la vez que muestra su interpretaci\u00f3n del corset. \u201c\u2026Los corpi\u00f1os demandan atenci\u00f3n tambi\u00e9n, ajustados para destacar lo femenino y acentuar la forma.\u201d<\/font><\/p>\n<p align=\"justify\"><font size=\"3\">Prevalece una paleta de colores festiva,&nbsp; con rojo, p\u00farpura y turquesa. Igualmente presenta dise\u00f1os en diferentes tonalidades de rosa, el binomio blanco y negro, y estampados geom\u00e9tricos. <\/font><\/p>\n<p align=\"justify\"><font size=\"3\">La colecci\u00f3n es ingeniosa y descomplicada. Es un gui\u00f1o a la d\u00e9cada de los 1960 y a los ic\u00f3nicos vestidos c\u00f3ctel que la marcaron. Incluye as\u00ed su versi\u00f3n de vestidos l\u00ednea A, los que construye con glamorosos detalles en la espalda y el escote. Igualmente presenta imponentes vestidos de ocasi\u00f3n y gran gala. <\/font><\/p>\n<p align=\"justify\"><font size=\"3\">\u201cLa colecci\u00f3n no tiene edad ni directrices,\u201d dijo el amante del arte y la \u00f3pera. \u201cEs atemporal, \u2018timeless,\u2019 para ser llevados temporada tras temporada. Sin duda est\u00e1n pensados para marcar la ocasi\u00f3n ideal en cualquier momento del a\u00f1o.\u201d<\/font><\/p>\n<p align=\"justify\"><b><font size=\"3\">Trayectoria: 25 Aniversario<\/font><\/b><\/p>\n<p align=\"justify\"><font size=\"3\">Sobre el secreto de su exitosa carrera como uno de los dise\u00f1adores de moda m\u00e1s importante del pa\u00eds, Rub\u00e9n Dar\u00edo dice, \u201cse convirti\u00f3 mi sue\u00f1o en realidad.\u201d<\/font><\/p>\n<p align=\"justify\"><font size=\"3\">\u201cSiempre quise ser dise\u00f1ador de modas,\u201d dijo. \u201cEs algo que tuve muy claro desde ni\u00f1o.\u201d<\/font><\/p>\n<p align=\"justify\"><font size=\"3\">Sin embargo, al trasladarse a San Juan, lo primero que hizo fue obtener un grado universitario en estudios hisp\u00e1nicos, \u201claborar en esta industria no s\u00f3lo es coser\u2026para poder llegar y mantenerte tienes que saber de literatura, de arte, cultura. Yo quer\u00eda adquirir conocimientos de todo para sentirme completo.\u201d<\/font><\/p>\n<p align=\"justify\"><font size=\"3\">\u201cLos tiempos son de Dios, vivo agradecido del apoyo de mis clientes y el respaldo de los medios,\u201d a\u00f1ade. \u201cSiempre mantengo los pies en la tierra porque m\u00e1s que fama y el glamour de las pasarelas, esto es un trabajo con momentos buenos y no tan buenos. Y me lo vivo todo. Es mi pasi\u00f3n.\u201d<\/font><\/p>\n<p align=\"justify\"><font size=\"3\">\u201cPrima Donna\u201d es dedicado a s\u00faper modelos del patio que lo han acompa\u00f1ado a trav\u00e9s de estos 25 a\u00f1os de trayectoria. Entre estas modelos figuran Mar\u00eda Mar\u00eda, Olga Mart\u00ednez, Aurea Marrero y Rosa Lourdes. <\/font><\/p>\n<p align=\"justify\"><font size=\"3\">Para boletos y m\u00e1s informaci\u00f3n por favor comunicarse @rubendariomoda y 787.671.5320. ###<\/font><\/p>\n<p align=\"justify\"><font size=\"3\">Foto: Ingrid Torres<\/font><\/p>\n<p align=\"justify\"><font size=\"3\">Modelo: Janmarie<\/font><\/p>\n","protected":false},"excerpt":{"rendered":"<p>El destacado dise\u00f1ador puertorrique\u00f1o Rub\u00e9n Dar\u00edo celebra sus 25 A\u00f1os de carrera en la industria de la moda en Puerto Rico con la presentaci\u00f3n de la colecci\u00f3n \u201cPrima Donna,\u201d inspirado en el esp\u00edritu y la resilencia de la mujer latina,&hellip;<\/p>\n<p class=\"more-link-p\"><a class=\"more-link\" href=\"https:\/\/bobvarela.com\/?p=142059\">Read more &rarr;<\/a><\/p>\n","protected":false},"author":1,"featured_media":0,"comment_status":"open","ping_status":"open","sticky":false,"template":"","format":"standard","meta":{"ngg_post_thumbnail":0,"footnotes":""},"categories":[4,295],"tags":[],"class_list":["post-142059","post","type-post","status-publish","format-standard","hentry","category-moda","category-puerto-rico"],"_links":{"self":[{"href":"https:\/\/bobvarela.com\/index.php?rest_route=\/wp\/v2\/posts\/142059","targetHints":{"allow":["GET"]}}],"collection":[{"href":"https:\/\/bobvarela.com\/index.php?rest_route=\/wp\/v2\/posts"}],"about":[{"href":"https:\/\/bobvarela.com\/index.php?rest_route=\/wp\/v2\/types\/post"}],"author":[{"embeddable":true,"href":"https:\/\/bobvarela.com\/index.php?rest_route=\/wp\/v2\/users\/1"}],"replies":[{"embeddable":true,"href":"https:\/\/bobvarela.com\/index.php?rest_route=%2Fwp%2Fv2%2Fcomments&post=142059"}],"version-history":[{"count":1,"href":"https:\/\/bobvarela.com\/index.php?rest_route=\/wp\/v2\/posts\/142059\/revisions"}],"predecessor-version":[{"id":142060,"href":"https:\/\/bobvarela.com\/index.php?rest_route=\/wp\/v2\/posts\/142059\/revisions\/142060"}],"wp:attachment":[{"href":"https:\/\/bobvarela.com\/index.php?rest_route=%2Fwp%2Fv2%2Fmedia&parent=142059"}],"wp:term":[{"taxonomy":"category","embeddable":true,"href":"https:\/\/bobvarela.com\/index.php?rest_route=%2Fwp%2Fv2%2Fcategories&post=142059"},{"taxonomy":"post_tag","embeddable":true,"href":"https:\/\/bobvarela.com\/index.php?rest_route=%2Fwp%2Fv2%2Ftags&post=142059"}],"curies":[{"name":"wp","href":"https:\/\/api.w.org\/{rel}","templated":true}]}}