{"id":142145,"date":"2021-10-08T07:56:27","date_gmt":"2021-10-08T11:56:27","guid":{"rendered":"https:\/\/bobvarela.com\/?p=142145"},"modified":"2021-10-08T07:56:27","modified_gmt":"2021-10-08T11:56:27","slug":"koch-primavera-verano-2022","status":"publish","type":"post","link":"https:\/\/bobvarela.com\/?p=142145","title":{"rendered":"KOCH&Eacute; primavera Verano 2022"},"content":{"rendered":"<p align=\"justify\"><font size=\"3\">La colecci\u00f3n primavera verano KOCH\u00c9 2022 &#8220;MAGIC HANDS&#8221; se lanz\u00f3 en la Semana de la Moda de Par\u00eds. La ubicaci\u00f3n de la pasarela es el magn\u00edfico Palacio Shangri-La, que refleja perfectamente la est\u00e9tica &#8220;neocl\u00e1sica&#8221; de la dise\u00f1adora Christelle Kocher. La colecci\u00f3n Primavera\/Verano 2022 se centra en las obras de alta costura del dise\u00f1ador parisino y en los talleres de artesan\u00eda italiana. Christelle espera que todos puedan experimentar la singularidad de la moda hecha a mano. Es el toque humano insustituible que da magia a la moda. . La nueva serie a\u00fan contin\u00faa la misi\u00f3n de reinterpretar la artesan\u00eda y los altos est\u00e1ndares de la moda en el mundo moderno. Tambi\u00e9n representa la transformaci\u00f3n de la marca y define la est\u00e9tica &#8220;neocl\u00e1sica&#8221; de KOCH\u00c9. La silueta es m\u00e1s ingeniosa, y los detalles y decoraciones son m\u00e1s ingeniosos.<\/font><\/p>\n<p align=\"justify\"><font size=\"3\">Las l\u00edneas de dise\u00f1o de esta temporada est\u00e1n inspiradas en la d\u00e9cada de 1930. La estructura arquitect\u00f3nica y otros detalles exquisitos muestran la exquisita experiencia del dise\u00f1ador. La organza de seda de alta costura, las lentejuelas y la letra KOCH\u00c9 Monogram a\u00f1aden una sensaci\u00f3n de lujo a la serie. Vale la pena mencionar que la nueva serie utiliza una tecnolog\u00eda de pintura en aerosol de bombas hecha a mano muy \u00fanica para presentar gr\u00e1ficos de encaje y monogramas KOCH\u00c9 de una manera nueva. El esquema de color suave y luminoso es a\u00fan m\u00e1s llamativo debido al bordado de cristal y plumas. Todo esto en KOCH\u00c9 cosido a mano por el estudio de Par\u00eds.<\/font><\/p>\n<p align=\"justify\">ngg_shortcode_0_placeholder<\/p>\n","protected":false},"excerpt":{"rendered":"<p>La colecci\u00f3n primavera verano KOCH\u00c9 2022 &#8220;MAGIC HANDS&#8221; se lanz\u00f3 en la Semana de la Moda de Par\u00eds. La ubicaci\u00f3n de la pasarela es el magn\u00edfico Palacio Shangri-La, que refleja perfectamente la est\u00e9tica &#8220;neocl\u00e1sica&#8221; de la dise\u00f1adora Christelle Kocher. La&hellip;<\/p>\n<p class=\"more-link-p\"><a class=\"more-link\" href=\"https:\/\/bobvarela.com\/?p=142145\">Read more &rarr;<\/a><\/p>\n","protected":false},"author":1,"featured_media":0,"comment_status":"open","ping_status":"open","sticky":false,"template":"","format":"standard","meta":{"ngg_post_thumbnail":0,"footnotes":""},"categories":[4],"tags":[],"class_list":["post-142145","post","type-post","status-publish","format-standard","hentry","category-moda"],"_links":{"self":[{"href":"https:\/\/bobvarela.com\/index.php?rest_route=\/wp\/v2\/posts\/142145","targetHints":{"allow":["GET"]}}],"collection":[{"href":"https:\/\/bobvarela.com\/index.php?rest_route=\/wp\/v2\/posts"}],"about":[{"href":"https:\/\/bobvarela.com\/index.php?rest_route=\/wp\/v2\/types\/post"}],"author":[{"embeddable":true,"href":"https:\/\/bobvarela.com\/index.php?rest_route=\/wp\/v2\/users\/1"}],"replies":[{"embeddable":true,"href":"https:\/\/bobvarela.com\/index.php?rest_route=%2Fwp%2Fv2%2Fcomments&post=142145"}],"version-history":[{"count":1,"href":"https:\/\/bobvarela.com\/index.php?rest_route=\/wp\/v2\/posts\/142145\/revisions"}],"predecessor-version":[{"id":142146,"href":"https:\/\/bobvarela.com\/index.php?rest_route=\/wp\/v2\/posts\/142145\/revisions\/142146"}],"wp:attachment":[{"href":"https:\/\/bobvarela.com\/index.php?rest_route=%2Fwp%2Fv2%2Fmedia&parent=142145"}],"wp:term":[{"taxonomy":"category","embeddable":true,"href":"https:\/\/bobvarela.com\/index.php?rest_route=%2Fwp%2Fv2%2Fcategories&post=142145"},{"taxonomy":"post_tag","embeddable":true,"href":"https:\/\/bobvarela.com\/index.php?rest_route=%2Fwp%2Fv2%2Ftags&post=142145"}],"curies":[{"name":"wp","href":"https:\/\/api.w.org\/{rel}","templated":true}]}}