{"id":142218,"date":"2021-10-10T08:12:31","date_gmt":"2021-10-10T12:12:31","guid":{"rendered":"https:\/\/bobvarela.com\/?p=142218"},"modified":"2021-10-10T08:12:31","modified_gmt":"2021-10-10T12:12:31","slug":"coperni-primavera-verano-2022","status":"publish","type":"post","link":"https:\/\/bobvarela.com\/?p=142218","title":{"rendered":"Coperni Primavera Verano 2022"},"content":{"rendered":"<p align=\"justify\"><font size=\"3\">La colecci\u00f3n se llam\u00f3 &#8220;Primavera Verano 2033&#8221;, porque &#8220;se trata de nuestras esperanzas y sue\u00f1os para el futuro&#8221;, dijo el cosignatario de Coperni, S\u00e9bastien Meyer.<\/font><\/p>\n<p align=\"justify\"><font size=\"3\">Los invitados no sab\u00edan qu\u00e9 esperar cuando vieron el laberinto de c\u00e1\u00f1amo creciendo en altos tallos delgados en el espacio de exhibici\u00f3n improvisado y cubierto de arena en el Centro de Eventos de Par\u00eds. Afortunadamente, no fue una referencia a la pel\u00edcula de terror de Stephen King de la d\u00e9cada de 1980 &#8220;Children of the Corn&#8221;, sino m\u00e1s bien un gui\u00f1o a las ambiciones ecol\u00f3gicas de los dise\u00f1adores de Coperni, y a la sensualidad del verano.<\/font><\/p>\n<p align=\"justify\"><font size=\"3\">Los dise\u00f1adores Arnaud Vaillant y S\u00e9bastien Meyer, que se casaron durante el verano en la isla griega de Hydra, todav\u00eda sent\u00edan el calor, y respiraban el aire salado, para esta divertida colecci\u00f3n boho-glam. Se refirieron a \u00e9l como &#8220;Primavera Verano 2033&#8221;, porque &#8220;se trata de nuestras esperanzas y sue\u00f1os para el futuro, los \u00faltimos meses han sido muy dif\u00edciles&#8221;, dijo Meyer antes del espect\u00e1culo.<\/font><\/p>\n<p align=\"justify\"><font size=\"3\">Ciertamente est\u00e1n so\u00f1ando en grande. La colecci\u00f3n ten\u00eda la dosis justa de fantas\u00eda, desde las delicadas capas de conchas blancas que cubr\u00edan peque\u00f1as faldas y tops de bikini hasta las lentejuelas iridiscentes rociadas sobre crop tops, hasta los volantes en espiral en minivestidos de gasa a la luz de las plumas.<\/font><\/p>\n<p align=\"justify\"><font size=\"3\">Tambi\u00e9n hab\u00eda un \u00e1ngulo de sirena. Las modelos con trajes de cuerpo con incrustaciones plateadas y faldas largas brillaban como ex\u00f3ticas criaturas marinas, mientras que los minis y pantalones negros brillaban con brillantes remolinos o patrones de estallidos estelares.<\/font><\/p>\n<p align=\"justify\"><font size=\"3\">Los dise\u00f1adores compensan h\u00e1bilmente todo ese brillo y aleteo con una sastrer\u00eda inteligente: combinaron elegantes tops de capa peque\u00f1a con pantalones, e incluso le dieron un nuevo giro a la chaqueta, colocando la parte superior y agregando una cadena de eslabones de tortuga alrededor del cuello. Las modelos podr\u00edan usar las chaquetas como tops halter, o cabecearlas de lado sobre sus espaldas &#8220;como una tabla de surf&#8221;, dijo Vaillant.<\/font><\/p>\n<p align=\"justify\"><font size=\"3\">Entonces, \u00bfd\u00f3nde encaj\u00f3 el c\u00e1\u00f1amo? El d\u00fao dijo que est\u00e1n trabajando con el Grupo Limonta de Italia en el desarrollo de telas a base de c\u00e1\u00f1amo. &#8220;Es una planta para el futuro: absorbe toneladas de di\u00f3xido de carbono y se puede usar para fabricar aceite, ginebra y fibras similares al algod\u00f3n&#8221;, dijo Meyer.<\/font><\/p>\n<p align=\"justify\"><font size=\"3\">A pesar de las intenciones verdes de la marca, el conjunto fue confuso, al principio.<\/font><\/p>\n<p align=\"justify\"><font size=\"3\">La estrella de &#8220;Emily in Paris&#8221;, Camille Razat, vestida con una bonita l\u00ednea A de la etiqueta, mir\u00f3 a su alrededor dudosamente antes del espect\u00e1culo. Ella culp\u00f3 a su \u00faltimo papel, como psiquiatra con mala suerte, por perderse en el c\u00e1\u00f1amo.<\/font><\/p>\n<p align=\"justify\">ngg_shortcode_0_placeholder<\/p>\n","protected":false},"excerpt":{"rendered":"<p>La colecci\u00f3n se llam\u00f3 &#8220;Primavera Verano 2033&#8221;, porque &#8220;se trata de nuestras esperanzas y sue\u00f1os para el futuro&#8221;, dijo el cosignatario de Coperni, S\u00e9bastien Meyer. Los invitados no sab\u00edan qu\u00e9 esperar cuando vieron el laberinto de c\u00e1\u00f1amo creciendo en altos&hellip;<\/p>\n<p class=\"more-link-p\"><a class=\"more-link\" href=\"https:\/\/bobvarela.com\/?p=142218\">Read more &rarr;<\/a><\/p>\n","protected":false},"author":1,"featured_media":0,"comment_status":"open","ping_status":"open","sticky":false,"template":"","format":"standard","meta":{"ngg_post_thumbnail":0,"footnotes":""},"categories":[4],"tags":[],"class_list":["post-142218","post","type-post","status-publish","format-standard","hentry","category-moda"],"_links":{"self":[{"href":"https:\/\/bobvarela.com\/index.php?rest_route=\/wp\/v2\/posts\/142218","targetHints":{"allow":["GET"]}}],"collection":[{"href":"https:\/\/bobvarela.com\/index.php?rest_route=\/wp\/v2\/posts"}],"about":[{"href":"https:\/\/bobvarela.com\/index.php?rest_route=\/wp\/v2\/types\/post"}],"author":[{"embeddable":true,"href":"https:\/\/bobvarela.com\/index.php?rest_route=\/wp\/v2\/users\/1"}],"replies":[{"embeddable":true,"href":"https:\/\/bobvarela.com\/index.php?rest_route=%2Fwp%2Fv2%2Fcomments&post=142218"}],"version-history":[{"count":1,"href":"https:\/\/bobvarela.com\/index.php?rest_route=\/wp\/v2\/posts\/142218\/revisions"}],"predecessor-version":[{"id":142219,"href":"https:\/\/bobvarela.com\/index.php?rest_route=\/wp\/v2\/posts\/142218\/revisions\/142219"}],"wp:attachment":[{"href":"https:\/\/bobvarela.com\/index.php?rest_route=%2Fwp%2Fv2%2Fmedia&parent=142218"}],"wp:term":[{"taxonomy":"category","embeddable":true,"href":"https:\/\/bobvarela.com\/index.php?rest_route=%2Fwp%2Fv2%2Fcategories&post=142218"},{"taxonomy":"post_tag","embeddable":true,"href":"https:\/\/bobvarela.com\/index.php?rest_route=%2Fwp%2Fv2%2Ftags&post=142218"}],"curies":[{"name":"wp","href":"https:\/\/api.w.org\/{rel}","templated":true}]}}