{"id":142220,"date":"2021-10-10T08:50:49","date_gmt":"2021-10-10T12:50:49","guid":{"rendered":"https:\/\/bobvarela.com\/?p=142220"},"modified":"2021-10-10T08:50:49","modified_gmt":"2021-10-10T12:50:49","slug":"sophia-nubes-spring-summer-2022","status":"publish","type":"post","link":"https:\/\/bobvarela.com\/?p=142220","title":{"rendered":"Sophia Nubes Spring Summer 2022"},"content":{"rendered":"<p align=\"justify\"><font size=\"3\">Fue el escenario del Palazzo Turati, en el coraz\u00f3n de Mil\u00e1n, el que acogi\u00f3 la <strong>colecci\u00f3n SS2022 &#8220;Jeune Femme&#8221;<\/strong>de Sophia Nubes, un himno especial al empoderamiento femenino traducido a una dimensi\u00f3n art\u00edstica gracias a la colaboraci\u00f3n con el arte cal\u00edgrafo de <strong>Gabriela Hess.<\/strong><\/font><\/p>\n<p align=\"justify\"><font size=\"3\">Una primera fila excepcional acogi\u00f3 con entusiasmo la feminidad contempor\u00e1nea investigada por la marca de Elena Pioli. Entre los invitados desfilaron la influencer Nima Benati y la supermodelo internacional <strong>Bali Lawal,<\/strong> mientras que en la pasarela desfil\u00f3 un modelo excepcional: Fabrizio Corona que, para una de sus raras salidas p\u00fablicas, eligi\u00f3 el <strong>desfile de Sophia Nubes.<\/strong><\/font><\/p>\n<p align=\"justify\"><font size=\"3\">Los invitados de la jornada pudieron admirar la emotiva propuesta que hac\u00eda que el ready to wear de la marca se similar a un lienzo, capaz de dar la bienvenida a la creatividad femenina y amplificar sus contenidos en modelos con una fuerte identidad, declinado en dos direcciones crom\u00e1ticas diferentes -m\u00e1s coloridas y m\u00e1s neutras- y bellamente expresada por el alma jersey de las creaciones.<\/font><\/p>\n<p align=\"justify\"><font size=\"3\">Vol\u00famenes, construcciones sartoriales, telas c\u00f3modas han unido longitudes precisas y cortes definidos, explorando diferentes combinaciones de materiales y realzando la belleza que cada mujer trae consigo. En la pasarela, entre monos jersey, pantalones anchos de corte vaquero y estampados florales protagonistas de prendas de abrigo y minivestidos,<\/font><\/p>\n<p align=\"justify\">ngg_shortcode_0_placeholder<\/p>\n","protected":false},"excerpt":{"rendered":"<p>Fue el escenario del Palazzo Turati, en el coraz\u00f3n de Mil\u00e1n, el que acogi\u00f3 la colecci\u00f3n SS2022 &#8220;Jeune Femme&#8221;de Sophia Nubes, un himno especial al empoderamiento femenino traducido a una dimensi\u00f3n art\u00edstica gracias a la colaboraci\u00f3n con el arte cal\u00edgrafo&hellip;<\/p>\n<p class=\"more-link-p\"><a class=\"more-link\" href=\"https:\/\/bobvarela.com\/?p=142220\">Read more &rarr;<\/a><\/p>\n","protected":false},"author":1,"featured_media":0,"comment_status":"open","ping_status":"open","sticky":false,"template":"","format":"standard","meta":{"ngg_post_thumbnail":0,"footnotes":""},"categories":[4],"tags":[],"class_list":["post-142220","post","type-post","status-publish","format-standard","hentry","category-moda"],"_links":{"self":[{"href":"https:\/\/bobvarela.com\/index.php?rest_route=\/wp\/v2\/posts\/142220","targetHints":{"allow":["GET"]}}],"collection":[{"href":"https:\/\/bobvarela.com\/index.php?rest_route=\/wp\/v2\/posts"}],"about":[{"href":"https:\/\/bobvarela.com\/index.php?rest_route=\/wp\/v2\/types\/post"}],"author":[{"embeddable":true,"href":"https:\/\/bobvarela.com\/index.php?rest_route=\/wp\/v2\/users\/1"}],"replies":[{"embeddable":true,"href":"https:\/\/bobvarela.com\/index.php?rest_route=%2Fwp%2Fv2%2Fcomments&post=142220"}],"version-history":[{"count":1,"href":"https:\/\/bobvarela.com\/index.php?rest_route=\/wp\/v2\/posts\/142220\/revisions"}],"predecessor-version":[{"id":142221,"href":"https:\/\/bobvarela.com\/index.php?rest_route=\/wp\/v2\/posts\/142220\/revisions\/142221"}],"wp:attachment":[{"href":"https:\/\/bobvarela.com\/index.php?rest_route=%2Fwp%2Fv2%2Fmedia&parent=142220"}],"wp:term":[{"taxonomy":"category","embeddable":true,"href":"https:\/\/bobvarela.com\/index.php?rest_route=%2Fwp%2Fv2%2Fcategories&post=142220"},{"taxonomy":"post_tag","embeddable":true,"href":"https:\/\/bobvarela.com\/index.php?rest_route=%2Fwp%2Fv2%2Ftags&post=142220"}],"curies":[{"name":"wp","href":"https:\/\/api.w.org\/{rel}","templated":true}]}}