{"id":142314,"date":"2021-10-18T07:03:49","date_gmt":"2021-10-18T11:03:49","guid":{"rendered":"https:\/\/bobvarela.com\/?p=142314"},"modified":"2021-10-18T07:07:36","modified_gmt":"2021-10-18T11:07:36","slug":"viceversa-tiny-world-by-juan-colon","status":"publish","type":"post","link":"https:\/\/bobvarela.com\/?p=142314","title":{"rendered":"VICEVERSA- Tiny World BY JUAN COLON"},"content":{"rendered":"<p align=\"center\"><font size=\"3\"><a href=\"https:\/\/bobvarela.com\/wp-content\/uploads\/2021\/10\/IMG_3578.jpg\"><img loading=\"lazy\" decoding=\"async\" width=\"310\" height=\"210\" title=\"IMG_3578\" style=\"display: inline; background-image: none;\" alt=\"IMG_3578\" src=\"https:\/\/bobvarela.com\/wp-content\/uploads\/2021\/10\/IMG_3578_thumb.jpg\" border=\"0\"\/><\/a><\/font><a href=\"https:\/\/bobvarela.com\/wp-content\/uploads\/2021\/10\/IMG_4853.jpg\"><img loading=\"lazy\" decoding=\"async\" width=\"311\" height=\"210\" title=\"IMG_4853\" style=\"display: inline; background-image: none;\" alt=\"IMG_4853\" src=\"https:\/\/bobvarela.com\/wp-content\/uploads\/2021\/10\/IMG_4853_thumb.jpg\" border=\"0\"\/><\/a><\/p>\n<p align=\"justify\"><font size=\"3\">Dando inicio a las presentaciones de San Juan Moda en el \u00e1rea del Coca Cola Music Hall en el Distrito T-Mobile se present\u00f3 la \u00faltima colecci\u00f3n del dise\u00f1ador Juan Colon titulada \u201cViceversa- Tiny World\u201d bajo la marca Janco Unlimited. Un evento pensando en cada detalle del lugar a presentar y para eso se cre\u00f3 un espect\u00e1culo fusionando m\u00fasica y moda en una sola pasarela.<\/font><\/p>\n<p align=\"justify\"><font size=\"3\">El desfile conto en la apertura con la energ\u00eda y proyecci\u00f3n de los cantantes Marileyda y Jos\u00e9 Alfredo cantando \u00b4\u00b4<b>This is Me\u00b4\u00b4<\/b> y en el escenario aparecen 6 modelos pre-teen que representan la nueva generaci\u00f3n. Luego de toda la energ\u00eda en escenario comienza el desfile donde el p\u00fablico aprecio m\u00e1s de 30 piezas de moda para todo tipo de persona. <\/font><\/p>\n<p align=\"justify\"><font size=\"3\">Esta colecci\u00f3n presento telas fluidas, dominada por patrones de lazos, mariposas, flores y detalles con abejas, en una gama de colores como el off White, crema y negro como protagonistas. El calzado de los varones y carteras eran de las tiendas Novus Shoes y el arreglo de los modelos estuvo a cargo de Myrta Velez Makeup Artist team y Mar\u00eda de Lourdes Bordub Makeup studio, <\/font><\/p>\n<p align=\"justify\"><font size=\"3\">El cierre del evento fue uno magistral a cargo de la voz del tenor puertorrique\u00f1o Jose Juan Ta\u00f1on cantando <b>\u00a8Nada es Igual\u00a8,<\/b> junto a todos los modelos en el escenario. Las modelos del cierre fue un homenaje a las diversas reinas negras que hemos tenido en Puerto Rico, ellas fueron: Aideliz Hidalgo Miss International PR 2010, Wilmarie Monci\u00f3n Miss International PR 2015, Valerie Hern\u00e1ndez Miss International 2014 y Nellys Pimentel Miss Earth 2019.<\/font><\/p>\n<p align=\"justify\">ngg_shortcode_0_placeholder<\/p>\n","protected":false},"excerpt":{"rendered":"<p>Dando inicio a las presentaciones de San Juan Moda en el \u00e1rea del Coca Cola Music Hall en el Distrito T-Mobile se present\u00f3 la \u00faltima colecci\u00f3n del dise\u00f1ador Juan Colon titulada \u201cViceversa- Tiny World\u201d bajo la marca Janco Unlimited. Un&hellip;<\/p>\n<p class=\"more-link-p\"><a class=\"more-link\" href=\"https:\/\/bobvarela.com\/?p=142314\">Read more &rarr;<\/a><\/p>\n","protected":false},"author":1,"featured_media":0,"comment_status":"open","ping_status":"open","sticky":false,"template":"","format":"standard","meta":{"ngg_post_thumbnail":0,"footnotes":""},"categories":[4,295],"tags":[],"class_list":["post-142314","post","type-post","status-publish","format-standard","hentry","category-moda","category-puerto-rico"],"_links":{"self":[{"href":"https:\/\/bobvarela.com\/index.php?rest_route=\/wp\/v2\/posts\/142314","targetHints":{"allow":["GET"]}}],"collection":[{"href":"https:\/\/bobvarela.com\/index.php?rest_route=\/wp\/v2\/posts"}],"about":[{"href":"https:\/\/bobvarela.com\/index.php?rest_route=\/wp\/v2\/types\/post"}],"author":[{"embeddable":true,"href":"https:\/\/bobvarela.com\/index.php?rest_route=\/wp\/v2\/users\/1"}],"replies":[{"embeddable":true,"href":"https:\/\/bobvarela.com\/index.php?rest_route=%2Fwp%2Fv2%2Fcomments&post=142314"}],"version-history":[{"count":2,"href":"https:\/\/bobvarela.com\/index.php?rest_route=\/wp\/v2\/posts\/142314\/revisions"}],"predecessor-version":[{"id":142320,"href":"https:\/\/bobvarela.com\/index.php?rest_route=\/wp\/v2\/posts\/142314\/revisions\/142320"}],"wp:attachment":[{"href":"https:\/\/bobvarela.com\/index.php?rest_route=%2Fwp%2Fv2%2Fmedia&parent=142314"}],"wp:term":[{"taxonomy":"category","embeddable":true,"href":"https:\/\/bobvarela.com\/index.php?rest_route=%2Fwp%2Fv2%2Fcategories&post=142314"},{"taxonomy":"post_tag","embeddable":true,"href":"https:\/\/bobvarela.com\/index.php?rest_route=%2Fwp%2Fv2%2Ftags&post=142314"}],"curies":[{"name":"wp","href":"https:\/\/api.w.org\/{rel}","templated":true}]}}