{"id":142458,"date":"2021-10-20T07:20:14","date_gmt":"2021-10-20T11:20:14","guid":{"rendered":"https:\/\/bobvarela.com\/?p=142458"},"modified":"2021-10-20T07:20:14","modified_gmt":"2021-10-20T11:20:14","slug":"lisa-thon-primavera-verano-2022","status":"publish","type":"post","link":"https:\/\/bobvarela.com\/?p=142458","title":{"rendered":"Lisa Thon primavera-verano 2022"},"content":{"rendered":"<p align=\"justify\"><font size=\"3\">La apreciaci\u00f3n de la naturaleza trae consigo el deseo de reinventarse y \u201crenacer\u201d. Bajo el t\u00edtulo \u201cThe Key to My Garden\u201d, la dise\u00f1adora Lisa Thon presento su colecci\u00f3n para la temporada primavera-verano 2022 en San Juan Moda. Su inspiraci\u00f3n en la jardiner\u00eda abarca la relaci\u00f3n entre el ser humano y nuestro medio ambiente, desde que plantas la semilla hasta que la vez florecer. Los detalles de colecci\u00f3n incluyen elementos como bolsillos grandes y tirillas tipo \u201cOverall\u201d dando un sentido de conveniencia pr\u00e1ctica. Entre los tejidos utilizados se incluyen algodones estampados, tulles bordados y el denim en tonalidades de verde, la gama de los azules y el Ivory. Los looks ser\u00e1n complementados con los accesorios de Karola &amp; Co, Paola Baella y sombreros de El Galp\u00f3n. El arreglo de las modelos estuvo a cargo de Zenaida Le\u00f3n de Belle du Jour Sal\u00f3n. <\/font><\/p>\n<p align=\"justify\">ngg_shortcode_0_placeholder<\/p>\n","protected":false},"excerpt":{"rendered":"<p>La apreciaci\u00f3n de la naturaleza trae consigo el deseo de reinventarse y \u201crenacer\u201d. Bajo el t\u00edtulo \u201cThe Key to My Garden\u201d, la dise\u00f1adora Lisa Thon presento su colecci\u00f3n para la temporada primavera-verano 2022 en San Juan Moda. Su inspiraci\u00f3n en&hellip;<\/p>\n<p class=\"more-link-p\"><a class=\"more-link\" href=\"https:\/\/bobvarela.com\/?p=142458\">Read more &rarr;<\/a><\/p>\n","protected":false},"author":1,"featured_media":0,"comment_status":"open","ping_status":"open","sticky":false,"template":"","format":"standard","meta":{"ngg_post_thumbnail":0,"footnotes":""},"categories":[4,295],"tags":[],"class_list":["post-142458","post","type-post","status-publish","format-standard","hentry","category-moda","category-puerto-rico"],"_links":{"self":[{"href":"https:\/\/bobvarela.com\/index.php?rest_route=\/wp\/v2\/posts\/142458","targetHints":{"allow":["GET"]}}],"collection":[{"href":"https:\/\/bobvarela.com\/index.php?rest_route=\/wp\/v2\/posts"}],"about":[{"href":"https:\/\/bobvarela.com\/index.php?rest_route=\/wp\/v2\/types\/post"}],"author":[{"embeddable":true,"href":"https:\/\/bobvarela.com\/index.php?rest_route=\/wp\/v2\/users\/1"}],"replies":[{"embeddable":true,"href":"https:\/\/bobvarela.com\/index.php?rest_route=%2Fwp%2Fv2%2Fcomments&post=142458"}],"version-history":[{"count":1,"href":"https:\/\/bobvarela.com\/index.php?rest_route=\/wp\/v2\/posts\/142458\/revisions"}],"predecessor-version":[{"id":142459,"href":"https:\/\/bobvarela.com\/index.php?rest_route=\/wp\/v2\/posts\/142458\/revisions\/142459"}],"wp:attachment":[{"href":"https:\/\/bobvarela.com\/index.php?rest_route=%2Fwp%2Fv2%2Fmedia&parent=142458"}],"wp:term":[{"taxonomy":"category","embeddable":true,"href":"https:\/\/bobvarela.com\/index.php?rest_route=%2Fwp%2Fv2%2Fcategories&post=142458"},{"taxonomy":"post_tag","embeddable":true,"href":"https:\/\/bobvarela.com\/index.php?rest_route=%2Fwp%2Fv2%2Ftags&post=142458"}],"curies":[{"name":"wp","href":"https:\/\/api.w.org\/{rel}","templated":true}]}}