{"id":142486,"date":"2021-10-23T07:20:30","date_gmt":"2021-10-23T11:20:30","guid":{"rendered":"https:\/\/bobvarela.com\/?p=142486"},"modified":"2021-10-23T07:20:30","modified_gmt":"2021-10-23T11:20:30","slug":"kris-goyri-primavera-verano-2022","status":"publish","type":"post","link":"https:\/\/bobvarela.com\/?p=142486","title":{"rendered":"KRIS GOYRI Primavera Verano 2022"},"content":{"rendered":"<p align=\"justify\"><font size=\"3\">El Museo Diego Rivera Anahuacalli es uno de los lugares m\u00e1s emblem\u00e1ticos de la Ciudad de M\u00e9xico, un lugar creado por el artista no s\u00f3lo para rescatar el patrimonio precolombino, sino tambi\u00e9n para crear un refugio para las artes. Fue un lugar ideal para Kris Goyri, el dise\u00f1ador mexicano conocido por su hermoso uso del color.<\/font><\/p>\n<p align=\"justify\"><font size=\"3\">Goyri fue uno de los muchos creativos que enfrentaron desaf\u00edos durante las cuarentenas, pero si estaba adentro, su mente estaba al aire libre. Ansioso por recuperar algo de la vida que extra\u00f1amos durante estos \u00faltimos meses, dise\u00f1\u00f3 un arco iris de posibilidades; la moda, la m\u00fasica y la danza crearon un espect\u00e1culo para recordar.<\/font><\/p>\n<p align=\"justify\"><font size=\"3\">En tonos que iban desde la lima suave hasta el rosa potente, Goyri mostr\u00f3 vestidos en siluetas tan ligeras como las nubes. Las mangas voluminosas y las atrevidas l\u00edneas en V fueron una parte importante de su construcci\u00f3n, al igual que las cinturas definidas a trav\u00e9s de un cintur\u00f3n o bobina din\u00e1mica. La colecci\u00f3n se trataba de mostrar las piernas, los hombros y la espalda, y hab\u00eda dinamismo y feminidad en la ropa.<\/font><\/p>\n<p align=\"justify\"><font size=\"3\">Cuando termin\u00f3 el espect\u00e1culo, las modelos comenzaron a bailar, demostrando que sea cual sea la situaci\u00f3n o el ambiente, siempre hay una excusa para levantar los talones. Es una raz\u00f3n m\u00e1s para estar emocionado por la pr\u00f3xima primavera<\/font><\/p>\n<p align=\"justify\">ngg_shortcode_0_placeholder<\/p>\n","protected":false},"excerpt":{"rendered":"<p>El Museo Diego Rivera Anahuacalli es uno de los lugares m\u00e1s emblem\u00e1ticos de la Ciudad de M\u00e9xico, un lugar creado por el artista no s\u00f3lo para rescatar el patrimonio precolombino, sino tambi\u00e9n para crear un refugio para las artes. Fue&hellip;<\/p>\n<p class=\"more-link-p\"><a class=\"more-link\" href=\"https:\/\/bobvarela.com\/?p=142486\">Read more &rarr;<\/a><\/p>\n","protected":false},"author":1,"featured_media":0,"comment_status":"open","ping_status":"open","sticky":false,"template":"","format":"standard","meta":{"ngg_post_thumbnail":0,"footnotes":""},"categories":[4],"tags":[],"class_list":["post-142486","post","type-post","status-publish","format-standard","hentry","category-moda"],"_links":{"self":[{"href":"https:\/\/bobvarela.com\/index.php?rest_route=\/wp\/v2\/posts\/142486","targetHints":{"allow":["GET"]}}],"collection":[{"href":"https:\/\/bobvarela.com\/index.php?rest_route=\/wp\/v2\/posts"}],"about":[{"href":"https:\/\/bobvarela.com\/index.php?rest_route=\/wp\/v2\/types\/post"}],"author":[{"embeddable":true,"href":"https:\/\/bobvarela.com\/index.php?rest_route=\/wp\/v2\/users\/1"}],"replies":[{"embeddable":true,"href":"https:\/\/bobvarela.com\/index.php?rest_route=%2Fwp%2Fv2%2Fcomments&post=142486"}],"version-history":[{"count":1,"href":"https:\/\/bobvarela.com\/index.php?rest_route=\/wp\/v2\/posts\/142486\/revisions"}],"predecessor-version":[{"id":142487,"href":"https:\/\/bobvarela.com\/index.php?rest_route=\/wp\/v2\/posts\/142486\/revisions\/142487"}],"wp:attachment":[{"href":"https:\/\/bobvarela.com\/index.php?rest_route=%2Fwp%2Fv2%2Fmedia&parent=142486"}],"wp:term":[{"taxonomy":"category","embeddable":true,"href":"https:\/\/bobvarela.com\/index.php?rest_route=%2Fwp%2Fv2%2Fcategories&post=142486"},{"taxonomy":"post_tag","embeddable":true,"href":"https:\/\/bobvarela.com\/index.php?rest_route=%2Fwp%2Fv2%2Ftags&post=142486"}],"curies":[{"name":"wp","href":"https:\/\/api.w.org\/{rel}","templated":true}]}}