{"id":142571,"date":"2021-10-24T10:09:12","date_gmt":"2021-10-24T14:09:12","guid":{"rendered":"https:\/\/bobvarela.com\/?p=142571"},"modified":"2021-10-24T10:09:12","modified_gmt":"2021-10-24T14:09:12","slug":"alfredo-martnez-atoo-invierno-2021","status":"publish","type":"post","link":"https:\/\/bobvarela.com\/?p=142571","title":{"rendered":"Alfredo Mart&iacute;nez Ato&ntilde;o Invierno 2021"},"content":{"rendered":"<p align=\"justify\"><font size=\"3\">Los tiempos complicados que estamos viviendo est\u00e1n llevando a momentos de profunda reflexi\u00f3n, con dise\u00f1adores que encuentran inspiraci\u00f3n en lugares inesperados. La llamativa vor\u00e1gine de exceso visual y poder que fue la colecci\u00f3n de oto\u00f1o de 2021 de Alfredo Mart\u00ednez tom\u00f3 sus se\u00f1ales de <em>Suspiria,<\/em>la pel\u00edcula de 1977 que le vali\u00f3 a Dar\u00edo Argento una reputaci\u00f3n como el maestro del terror.<\/font><\/p>\n<p align=\"justify\"><font size=\"3\">Mart\u00ednez trabaja en el nexo entre el t\u00eat-\u00e0-porter y la alta costura. El cuero, el encaje y la seda son prominentes en su nueva colecci\u00f3n, al igual que los escotes profundos y las faldas que favorecen la silueta femenina de maneras atrevidas. Audaz y audaz, su espect\u00e1culo se dividi\u00f3 en tres partes, al igual que la pel\u00edcula de Argento. Las tres madres del aquelarre est\u00e1n representadas a trav\u00e9s de los dise\u00f1os y colores, el primero es gris, luego un azul marino que se movi\u00f3 lentamente a trav\u00e9s del oro, el rojo y el negro.<\/font><\/p>\n<p align=\"justify\"><font size=\"3\">&#8220;He estado trabajando en esta colecci\u00f3n por un tiempo. Mi idea era crear piezas que fueran f\u00e1ciles de combinar, incluso si los dise\u00f1os se ven un poco exagerados&#8221;, dijo. La colecci\u00f3n env\u00eda un mensaje: que cuando estamos juntas las mujeres tenemos un poder que puede cambiar el futuro. Despu\u00e9s de m\u00e1s de un a\u00f1o de joggers y sudaderas, Mart\u00ednez recuper\u00f3 la fuerza femenina a trav\u00e9s de texturas y cortes que te hacen sentir segura, fuerte y, \u00bfpor qu\u00e9 no?, sexy.<\/font><\/p>\n<p align=\"justify\">ngg_shortcode_0_placeholder<\/p>\n","protected":false},"excerpt":{"rendered":"<p>Los tiempos complicados que estamos viviendo est\u00e1n llevando a momentos de profunda reflexi\u00f3n, con dise\u00f1adores que encuentran inspiraci\u00f3n en lugares inesperados. La llamativa vor\u00e1gine de exceso visual y poder que fue la colecci\u00f3n de oto\u00f1o de 2021 de Alfredo Mart\u00ednez&hellip;<\/p>\n<p class=\"more-link-p\"><a class=\"more-link\" href=\"https:\/\/bobvarela.com\/?p=142571\">Read more &rarr;<\/a><\/p>\n","protected":false},"author":1,"featured_media":0,"comment_status":"open","ping_status":"open","sticky":false,"template":"","format":"standard","meta":{"ngg_post_thumbnail":0,"footnotes":""},"categories":[4],"tags":[],"class_list":["post-142571","post","type-post","status-publish","format-standard","hentry","category-moda"],"_links":{"self":[{"href":"https:\/\/bobvarela.com\/index.php?rest_route=\/wp\/v2\/posts\/142571","targetHints":{"allow":["GET"]}}],"collection":[{"href":"https:\/\/bobvarela.com\/index.php?rest_route=\/wp\/v2\/posts"}],"about":[{"href":"https:\/\/bobvarela.com\/index.php?rest_route=\/wp\/v2\/types\/post"}],"author":[{"embeddable":true,"href":"https:\/\/bobvarela.com\/index.php?rest_route=\/wp\/v2\/users\/1"}],"replies":[{"embeddable":true,"href":"https:\/\/bobvarela.com\/index.php?rest_route=%2Fwp%2Fv2%2Fcomments&post=142571"}],"version-history":[{"count":1,"href":"https:\/\/bobvarela.com\/index.php?rest_route=\/wp\/v2\/posts\/142571\/revisions"}],"predecessor-version":[{"id":142572,"href":"https:\/\/bobvarela.com\/index.php?rest_route=\/wp\/v2\/posts\/142571\/revisions\/142572"}],"wp:attachment":[{"href":"https:\/\/bobvarela.com\/index.php?rest_route=%2Fwp%2Fv2%2Fmedia&parent=142571"}],"wp:term":[{"taxonomy":"category","embeddable":true,"href":"https:\/\/bobvarela.com\/index.php?rest_route=%2Fwp%2Fv2%2Fcategories&post=142571"},{"taxonomy":"post_tag","embeddable":true,"href":"https:\/\/bobvarela.com\/index.php?rest_route=%2Fwp%2Fv2%2Ftags&post=142571"}],"curies":[{"name":"wp","href":"https:\/\/api.w.org\/{rel}","templated":true}]}}