{"id":142573,"date":"2021-10-24T10:11:24","date_gmt":"2021-10-24T14:11:24","guid":{"rendered":"https:\/\/bobvarela.com\/?p=142573"},"modified":"2021-10-24T10:11:24","modified_gmt":"2021-10-24T14:11:24","slug":"lydia-lavin-spring-summer-2022","status":"publish","type":"post","link":"https:\/\/bobvarela.com\/?p=142573","title":{"rendered":"LYDIA LAVIN SPRING SUMMER 2022"},"content":{"rendered":"<p align=\"justify\"><font size=\"3\">Lydia Lav\u00edn es una marca de moda mexicana contempor\u00e1nea fundada en 2005 por Lydia Lav\u00edn, una estudiosa del dise\u00f1o textil con una pasi\u00f3n por preservar las t\u00e9cnicas textiles ind\u00edgenas mexicanas, y Montserrat Messeguer, su hija y codesigner. Para su nueva colecci\u00f3n de resorts, el d\u00fao tom\u00f3 como inspiraci\u00f3n a la mariposa monarca, cuyo rango abarca la mayor parte de M\u00e9xico.<\/font><\/p>\n<p align=\"justify\"><font size=\"3\">El espect\u00e1culo abri\u00f3 con una serie de looks con motivos de mariposas, como una especie de analog\u00eda de la experiencia que hemos vivido desde que lleg\u00f3 la pandemia. Habi\u00e9ndose encontrado en un estado de capullo, ahora nos estamos preparando para salir de \u00e9l, por lo que las mariposas dieron paso a amapolas estampadas y estas a bloques de colores vibrantes, siempre adornados con bordados tradicionales, esta vez producidos en Taxco, Guerrero, con algod\u00f3n org\u00e1nico.<\/font><\/p>\n<p align=\"justify\"><font size=\"3\">Las siluetas eran fluidas y ricas en volantes; La piel fue la estrella del espect\u00e1culo, con escotes profundos o mini sujetadores. En resumen, la ropa te invitaba a escapar. A veces, la interacci\u00f3n de impresiones, volantes y bloqueo de color se sent\u00eda como demasiada informaci\u00f3n. Fue en los looks m\u00e1s sobrios donde los dise\u00f1adores encontraron una mejor expresi\u00f3n de lo que es la moda mexicana contempor\u00e1nea: ver el vestido de novia al final, en el que el juego de texturas y bordados complementaba perfectamente la silueta moderna del look.<\/font><\/p>\n<p align=\"justify\">ngg_shortcode_0_placeholder<\/p>\n","protected":false},"excerpt":{"rendered":"<p>Lydia Lav\u00edn es una marca de moda mexicana contempor\u00e1nea fundada en 2005 por Lydia Lav\u00edn, una estudiosa del dise\u00f1o textil con una pasi\u00f3n por preservar las t\u00e9cnicas textiles ind\u00edgenas mexicanas, y Montserrat Messeguer, su hija y codesigner. Para su nueva&hellip;<\/p>\n<p class=\"more-link-p\"><a class=\"more-link\" href=\"https:\/\/bobvarela.com\/?p=142573\">Read more &rarr;<\/a><\/p>\n","protected":false},"author":1,"featured_media":0,"comment_status":"open","ping_status":"open","sticky":false,"template":"","format":"standard","meta":{"ngg_post_thumbnail":0,"footnotes":""},"categories":[4],"tags":[],"class_list":["post-142573","post","type-post","status-publish","format-standard","hentry","category-moda"],"_links":{"self":[{"href":"https:\/\/bobvarela.com\/index.php?rest_route=\/wp\/v2\/posts\/142573","targetHints":{"allow":["GET"]}}],"collection":[{"href":"https:\/\/bobvarela.com\/index.php?rest_route=\/wp\/v2\/posts"}],"about":[{"href":"https:\/\/bobvarela.com\/index.php?rest_route=\/wp\/v2\/types\/post"}],"author":[{"embeddable":true,"href":"https:\/\/bobvarela.com\/index.php?rest_route=\/wp\/v2\/users\/1"}],"replies":[{"embeddable":true,"href":"https:\/\/bobvarela.com\/index.php?rest_route=%2Fwp%2Fv2%2Fcomments&post=142573"}],"version-history":[{"count":1,"href":"https:\/\/bobvarela.com\/index.php?rest_route=\/wp\/v2\/posts\/142573\/revisions"}],"predecessor-version":[{"id":142574,"href":"https:\/\/bobvarela.com\/index.php?rest_route=\/wp\/v2\/posts\/142573\/revisions\/142574"}],"wp:attachment":[{"href":"https:\/\/bobvarela.com\/index.php?rest_route=%2Fwp%2Fv2%2Fmedia&parent=142573"}],"wp:term":[{"taxonomy":"category","embeddable":true,"href":"https:\/\/bobvarela.com\/index.php?rest_route=%2Fwp%2Fv2%2Fcategories&post=142573"},{"taxonomy":"post_tag","embeddable":true,"href":"https:\/\/bobvarela.com\/index.php?rest_route=%2Fwp%2Fv2%2Ftags&post=142573"}],"curies":[{"name":"wp","href":"https:\/\/api.w.org\/{rel}","templated":true}]}}