{"id":142629,"date":"2021-10-25T06:04:53","date_gmt":"2021-10-25T10:04:53","guid":{"rendered":"https:\/\/bobvarela.com\/?p=142629"},"modified":"2021-10-25T06:04:53","modified_gmt":"2021-10-25T10:04:53","slug":"rubn-daro-presento-prima-donna","status":"publish","type":"post","link":"https:\/\/bobvarela.com\/?p=142629","title":{"rendered":"Rub&eacute;n Dar&iacute;o presento &ldquo;Prima Donna&rdquo;"},"content":{"rendered":"<p align=\"justify\"><font size=\"3\">El destacado dise\u00f1ador puertorrique\u00f1o Rub\u00e9n Dar\u00edo celebro sus 25 A\u00f1os de carrera en la industria de la moda en Puerto Rico con la presentaci\u00f3n de la colecci\u00f3n \u201cPrima Donna,\u201d inspirado en el esp\u00edritu y la resilencia de la mujer latina, <\/font><\/p>\n<p align=\"justify\"><font size=\"3\">\u201cCelebro la entereza y liderato de la mujer boricua durante estos meses,\u201d dijo el dise\u00f1ador. \u201cGracias a ellas, mantuvimos a este pueblo de pie. Ahora volvemos a un calendario social que se va normalizando. Volvemos a reunirnos, a coordinar salidas\u2026y a redescubrir la moda.\u201d<\/font><\/p>\n<p align=\"justify\"><font size=\"3\">\u201cNaturalmente segu\u00ed trabajando y creando desde mi taller,\u201d coment\u00f3, al explicar su rutina durante la pandemia. \u201c\u2026sin descuidar las recomendaciones y medidas de salud, pero activo visualizando nuevas ideas y dise\u00f1os para el momento de retom<\/font><\/p>\n<p align=\"justify\"><font size=\"3\">En \u201cPrima Donna\u201d Rub\u00e9n Dario combina su respetado estilo de alta costura y confecci\u00f3n impecable, con escogidas tendencias actuales de la moda global. El resultado es una colecci\u00f3n h\u00edper sofisticada de 30 piezas para la mujer&nbsp; fuerte que reconoce el valor de la est\u00e9tica y la individualidad. <\/font><\/p>\n<p align=\"justify\"><font size=\"3\">\u201cMi estilo es uno de l\u00edneas limpias, rectas\u2026mis colecciones son atemporales,\u201d dijo el artista, natural de Gurabo. \u201cMe gustan las siluetas no muy convencionales, tejidos puros y colores brillantes de gran impacto.\u201d<\/font><\/p>\n<p align=\"justify\"><font size=\"3\">La consistencia y la elegancia son el hilo conductor que une las colecciones de Rub\u00e9n Dar\u00edo, quien a trav\u00e9s de su carrera ha sabido mantener el balance perfecto entre lo sofisticado y lo creativo sin caer en las garras de tendencias masivas o pasajeras. En el tema de siluetas, claramente se decanta por los vestidos de sustancia y ocasi\u00f3n subrayando elementos arquitect\u00f3nicos que imparten una presencia sin igual.<\/font><\/p>\n<p align=\"justify\"><font size=\"3\">Lo mismo dise\u00f1a formas nuevas jugando con el volumen y las telas que reinterpreta los cl\u00e1sicos a\u00f1adiendo drama y coqueter\u00eda con elementos como lazadas, ribetes, tachones y tirantes. <\/font><\/p>\n<p align=\"justify\"><font size=\"3\">En \u201cPrima Donna\u201d presta especial atenci\u00f3n al color, la textura y los detalles artesanales en la elaboraci\u00f3n de cada pieza. <\/font><\/p>\n<p align=\"justify\"><font size=\"3\">\u201cLas mangas son relevantes, las telas son importantes,\u201d comenta Rub\u00e9n Dar\u00edo a la vez que muestra su interpretaci\u00f3n del corset. \u201c\u2026Los corpi\u00f1os demandan atenci\u00f3n tambi\u00e9n, ajustados para destacar lo femenino y acentuar la forma.\u201d<\/font><\/p>\n<p align=\"justify\"><font size=\"3\">Prevalece una paleta de colores festiva, con rojo, p\u00farpura y turquesa. Igualmente presenta dise\u00f1os en diferentes tonalidades de rosa, el binomio blanco y negro, y estampados geom\u00e9tricos.<\/font>&nbsp;<\/p>\nngg_shortcode_0_placeholder\n","protected":false},"excerpt":{"rendered":"<p>El destacado dise\u00f1ador puertorrique\u00f1o Rub\u00e9n Dar\u00edo celebro sus 25 A\u00f1os de carrera en la industria de la moda en Puerto Rico con la presentaci\u00f3n de la colecci\u00f3n \u201cPrima Donna,\u201d inspirado en el esp\u00edritu y la resilencia de la mujer latina,&hellip;<\/p>\n<p class=\"more-link-p\"><a class=\"more-link\" href=\"https:\/\/bobvarela.com\/?p=142629\">Read more &rarr;<\/a><\/p>\n","protected":false},"author":1,"featured_media":0,"comment_status":"open","ping_status":"open","sticky":false,"template":"","format":"standard","meta":{"ngg_post_thumbnail":0,"footnotes":""},"categories":[4,295],"tags":[],"class_list":["post-142629","post","type-post","status-publish","format-standard","hentry","category-moda","category-puerto-rico"],"_links":{"self":[{"href":"https:\/\/bobvarela.com\/index.php?rest_route=\/wp\/v2\/posts\/142629","targetHints":{"allow":["GET"]}}],"collection":[{"href":"https:\/\/bobvarela.com\/index.php?rest_route=\/wp\/v2\/posts"}],"about":[{"href":"https:\/\/bobvarela.com\/index.php?rest_route=\/wp\/v2\/types\/post"}],"author":[{"embeddable":true,"href":"https:\/\/bobvarela.com\/index.php?rest_route=\/wp\/v2\/users\/1"}],"replies":[{"embeddable":true,"href":"https:\/\/bobvarela.com\/index.php?rest_route=%2Fwp%2Fv2%2Fcomments&post=142629"}],"version-history":[{"count":1,"href":"https:\/\/bobvarela.com\/index.php?rest_route=\/wp\/v2\/posts\/142629\/revisions"}],"predecessor-version":[{"id":142630,"href":"https:\/\/bobvarela.com\/index.php?rest_route=\/wp\/v2\/posts\/142629\/revisions\/142630"}],"wp:attachment":[{"href":"https:\/\/bobvarela.com\/index.php?rest_route=%2Fwp%2Fv2%2Fmedia&parent=142629"}],"wp:term":[{"taxonomy":"category","embeddable":true,"href":"https:\/\/bobvarela.com\/index.php?rest_route=%2Fwp%2Fv2%2Fcategories&post=142629"},{"taxonomy":"post_tag","embeddable":true,"href":"https:\/\/bobvarela.com\/index.php?rest_route=%2Fwp%2Fv2%2Ftags&post=142629"}],"curies":[{"name":"wp","href":"https:\/\/api.w.org\/{rel}","templated":true}]}}