{"id":142890,"date":"2021-11-16T05:59:45","date_gmt":"2021-11-16T09:59:45","guid":{"rendered":"https:\/\/bobvarela.com\/?p=142890"},"modified":"2021-11-16T05:59:45","modified_gmt":"2021-11-16T09:59:45","slug":"stella-nolasco-presenta-su-nueva-propuesta-de-moda-inspirada-en-su-tribu","status":"publish","type":"post","link":"https:\/\/bobvarela.com\/?p=142890","title":{"rendered":"Stella Nolasco presenta su nueva propuesta de moda inspirada en su tribu"},"content":{"rendered":"<p align=\"justify\"><font size=\"3\">La dise\u00f1adora de moda, Stella Nolasco, present\u00f3 su m\u00e1s reciente colecci\u00f3n para la Primavera-Verano 2022. La misma fue un homenaje a todas las tribus de mujeres solidarias, que se respaldan y se empoderan mutuamente. \u201cEse c\u00edrculo de amigas desde Puerto Rico hasta Afganistan, tan esencial y necesario para nuestra felicidad\u201d, expres\u00f3 Nolasco. La pasarela se llev\u00f3 a cabo en el Distrito T-Mobile, de Miramar, con un nutrido grupo de invitados, entre sus clientes y amistades, quienes son seguidores y amantes de la moda.<\/font><\/p>\n<p align=\"justify\"><font size=\"3\">\u201cMis vivencias son parte para de la inspiraci\u00f3n en cada colecci\u00f3n que presento. En esta nueva propuesta, pude deleitarme en el proceso del dise\u00f1o y compra de telas, que sirvi\u00f3 de escape y relajaci\u00f3n durante este periodo de la pandemia\u201d, coment\u00f3 Nolasco.  Adicional, \u201cen medio de este tiempo de encierro y cuidado de nuestra salud, mis amistades fueron un gran factor que logramos juntos, a trav\u00e9s de las redes sociales y llamadas telef\u00f3nicas, darnos un resfuerzo para continuar hacia adelante y no dejarnos sucumbir en tristeza ante la situaci\u00f3n tan dificil que estamos viviendo tanto en Puerto Rico como en el mundo\u201d, destac\u00f3 Stella Nolasco.<\/font><\/p>\n<p align=\"justify\"><font size=\"3\">Dentro de la colecci\u00f3n Tribu, se destacan los colores azul cielo, blanco y beige. Asimismo, el rosado y una fuerza de met\u00e1licos en piezas que incluyen encajes confeccionadas con telas donde resaltan detalles \u00fanicos en los estampados. Como parte del pase de moda, Nolasco incluy\u00f3 tocados con plumas creados por la marca Froilan, de la dise\u00f1adora Blanca Viera.<\/font><\/p>\n<p align=\"justify\"><font size=\"3\">Cabe destacar, que la producci\u00f3n estuvo a cargo Sisi Rivera, propietaria de Lust For Good. El maquillaje y peinado de las modelos en la presentaci\u00f3n estuvo a cargo de Alis Tavarez y el equipo de Tavarez Studio. De igual forma, los zapatos fueron de Novus y Galer\u00eda. Es importante resaltar que el desfile fue aupiciado por las marcas: Lexus, TRESemm\u00e9,<\/font><\/p>\n<p align=\"justify\"><font size=\"3\">Magnum Ice Cream, Wal-Mart. Adicional, cada uno de los invitados fue recibido con un c\u00f3ctel de bienvenida a cargo del licor Cointreau, una mascarilla, regalo confeccionado por Stella Nolasco, abanicos de Magnum Ice Cream y bolsos de Lexus. Luego de la presentaci\u00f3n, hubo un \u201cAfter Party\u201d en el nuevo y exclusivo restaurante, La Central, del chef Mario Pag\u00e1n, en el Distrito, auspiciado tambi\u00e9n por Lexus. <\/font><\/p>\n<p align=\"justify\"><font size=\"3\">Para ver y obetener las piezas de la colecci\u00f3n Tribu, pueden entrar a <\/font><a href=\"http:\/\/www.stellanolasco.shop\"><font size=\"3\">www.stellanolasco.shop<\/font><\/a><font size=\"3\"> , donde podr\u00e1n apreciar otras colecciones \u201cready to wear\u201d como exquisitas g\u00fcayaberas para hombres, mahones para mujer, camisas \u201cunisex\u201d de la marca Nolsaco en diversas tonalidades para vestir de d\u00eda o noche. <\/font><\/p>\n<p align=\"justify\">ngg_shortcode_0_placeholder<\/p>\n","protected":false},"excerpt":{"rendered":"<p>La dise\u00f1adora de moda, Stella Nolasco, present\u00f3 su m\u00e1s reciente colecci\u00f3n para la Primavera-Verano 2022. La misma fue un homenaje a todas las tribus de mujeres solidarias, que se respaldan y se empoderan mutuamente. \u201cEse c\u00edrculo de amigas desde Puerto&hellip;<\/p>\n<p class=\"more-link-p\"><a class=\"more-link\" href=\"https:\/\/bobvarela.com\/?p=142890\">Read more &rarr;<\/a><\/p>\n","protected":false},"author":1,"featured_media":0,"comment_status":"open","ping_status":"open","sticky":false,"template":"","format":"standard","meta":{"ngg_post_thumbnail":0,"footnotes":""},"categories":[4,295],"tags":[],"class_list":["post-142890","post","type-post","status-publish","format-standard","hentry","category-moda","category-puerto-rico"],"_links":{"self":[{"href":"https:\/\/bobvarela.com\/index.php?rest_route=\/wp\/v2\/posts\/142890","targetHints":{"allow":["GET"]}}],"collection":[{"href":"https:\/\/bobvarela.com\/index.php?rest_route=\/wp\/v2\/posts"}],"about":[{"href":"https:\/\/bobvarela.com\/index.php?rest_route=\/wp\/v2\/types\/post"}],"author":[{"embeddable":true,"href":"https:\/\/bobvarela.com\/index.php?rest_route=\/wp\/v2\/users\/1"}],"replies":[{"embeddable":true,"href":"https:\/\/bobvarela.com\/index.php?rest_route=%2Fwp%2Fv2%2Fcomments&post=142890"}],"version-history":[{"count":1,"href":"https:\/\/bobvarela.com\/index.php?rest_route=\/wp\/v2\/posts\/142890\/revisions"}],"predecessor-version":[{"id":142891,"href":"https:\/\/bobvarela.com\/index.php?rest_route=\/wp\/v2\/posts\/142890\/revisions\/142891"}],"wp:attachment":[{"href":"https:\/\/bobvarela.com\/index.php?rest_route=%2Fwp%2Fv2%2Fmedia&parent=142890"}],"wp:term":[{"taxonomy":"category","embeddable":true,"href":"https:\/\/bobvarela.com\/index.php?rest_route=%2Fwp%2Fv2%2Fcategories&post=142890"},{"taxonomy":"post_tag","embeddable":true,"href":"https:\/\/bobvarela.com\/index.php?rest_route=%2Fwp%2Fv2%2Ftags&post=142890"}],"curies":[{"name":"wp","href":"https:\/\/api.w.org\/{rel}","templated":true}]}}