{"id":144305,"date":"2022-02-01T05:28:34","date_gmt":"2022-02-01T09:28:34","guid":{"rendered":"https:\/\/bobvarela.com\/?p=144305"},"modified":"2022-02-01T05:28:34","modified_gmt":"2022-02-01T09:28:34","slug":"tw-fashion-runway-2022-llega-al-new-york-fashion-week","status":"publish","type":"post","link":"https:\/\/bobvarela.com\/?p=144305","title":{"rendered":"TW FASHION RUNWAY 2022 LLEGA AL NEW YORK FASHION WEEK"},"content":{"rendered":"<p align=\"center\"><a href=\"https:\/\/bobvarela.com\/wp-content\/uploads\/2022\/01\/Juan-Colon-1.jpg\"><img loading=\"lazy\" decoding=\"async\" width=\"171\" height=\"272\" title=\"Juan Colon 1\" style=\"display: inline; background-image: none;\" alt=\"Juan Colon 1\" src=\"https:\/\/bobvarela.com\/wp-content\/uploads\/2022\/01\/Juan-Colon-1_thumb.jpg\" border=\"0\"\/><\/a><a href=\"https:\/\/bobvarela.com\/wp-content\/uploads\/2022\/01\/Juan-Colon-2.jpg\"><img loading=\"lazy\" decoding=\"async\" width=\"181\" height=\"270\" title=\"Juan Colon 2\" style=\"display: inline; background-image: none;\" alt=\"Juan Colon 2\" src=\"https:\/\/bobvarela.com\/wp-content\/uploads\/2022\/01\/Juan-Colon-2_thumb.jpg\" border=\"0\"\/><\/a><a href=\"https:\/\/bobvarela.com\/wp-content\/uploads\/2022\/01\/Juan-Colon.jpg\"><img loading=\"lazy\" decoding=\"async\" width=\"194\" height=\"266\" title=\"Juan Colon\" style=\"display: inline; background-image: none;\" alt=\"Juan Colon\" src=\"https:\/\/bobvarela.com\/wp-content\/uploads\/2022\/01\/Juan-Colon_thumb.jpg\" border=\"0\"\/><\/a><\/p>\n<p align=\"justify\"><font size=\"3\">Por primera vez el concepto de desfiles bajo el nombre Tiny World de Juan Colon y su corporaci\u00f3n Janco Inc. producir\u00e1 un evento de modas a presentarse durante el New York Fashion Week febrero 2022 bajo la plataforma llamada TW Fashion Runway.  Esta nueva plataforma crea espacios para presentar peque\u00f1as colecciones de diferentes dise\u00f1adores noveles, otros de carrera y extranjeros en el concepto \u00a8Show Case\u00a8, que tendr\u00e1n lugar el pr\u00f3ximo 10 de febrero en las facilidades del Caelum Gallery en Chelsea Nueva York <\/font><\/p>\n<p align=\"center\"><font size=\"3\"><a href=\"https:\/\/bobvarela.com\/wp-content\/uploads\/2022\/01\/jorge-marrero.jpg\"><img loading=\"lazy\" decoding=\"async\" width=\"163\" height=\"253\" title=\"jorge marrero\" style=\"display: inline; background-image: none;\" alt=\"jorge marrero\" src=\"https:\/\/bobvarela.com\/wp-content\/uploads\/2022\/01\/jorge-marrero_thumb.jpg\" border=\"0\"\/><\/a><a href=\"https:\/\/bobvarela.com\/wp-content\/uploads\/2022\/01\/Sofia-by-Mel-D.jpg\"><img loading=\"lazy\" decoding=\"async\" width=\"174\" height=\"244\" title=\"Sofia by Mel D\" style=\"display: inline; background-image: none;\" alt=\"Sofia by Mel D\" src=\"https:\/\/bobvarela.com\/wp-content\/uploads\/2022\/01\/Sofia-by-Mel-D_thumb.jpg\" border=\"0\"\/><\/a><\/font><\/p>\n<p align=\"justify\"><font size=\"3\">El nuevo espacio de modas se presentar\u00e1 un solo d\u00eda, donde diferentes propuestas podr\u00e1n ser apreciadas por el p\u00fablico, blogueros, fot\u00f3grafos y prensa. El grupo de dise\u00f1adores a presentar se ha dividido por horarios ya que hay que cumplir con ciertos protocolos de seguridad contra el Covid para realizar el mismo. La tarde de modas comenzara a las 3pm con la colecci\u00f3n Sof\u00eda 2022, para ni\u00f1as pre-teen y teens donde Sof\u00eda Camacho y la dise\u00f1adora Mel Duran colaboran para esta propuesta, y la colecci\u00f3n \u201cOur TW 2022\u201cde la l\u00ednea Janco Unlimited de Juan Colon presentara su propuesta para modelos reales y actuales.<\/font><\/p>\n<p align=\"center\"><font size=\"3\"><a href=\"https:\/\/bobvarela.com\/wp-content\/uploads\/2022\/01\/taniAndrea.jpg\"><img loading=\"lazy\" decoding=\"async\" width=\"356\" height=\"235\" title=\"taniAndrea\" style=\"display: inline; background-image: none;\" alt=\"taniAndrea\" src=\"https:\/\/bobvarela.com\/wp-content\/uploads\/2022\/01\/taniAndrea_thumb.jpg\" border=\"0\"\/><\/a><\/font><\/p>\n<p align=\"justify\"><font size=\"3\">A las 4.15pm ser\u00e1 la segunda ronda de pasarelas a cargo de la Dise\u00f1adora de New York Jeena Ercolini y su l\u00ednea Ercolini Design y desde Puerto Rico los dise\u00f1adores: TaniAndrea y su moda Upcicling llevando la conciencia de reusar y modernizar, adem\u00e1s de Jorge Marrero con \u201cREDUX \u201cquien presentar\u00e1 su moda vanguardista y editorial, ideal para los looks neoyorquinos.<\/font><\/p>\n<p align=\"justify\"><font size=\"3\">A las 5.30pm contin\u00faan los dise\u00f1adores de Puerto Rico con la segunda propuesta de Janco Unlimited llamada FREE 2022, donde presenta looks de mucho color y contrastes de materiales, por su parte Wilberto P\u00e9rez trae una propuesta de moda elegante y sofisticada de damas titulada \u201cDesolate\u201d, <\/font><\/p>\n<p align=\"center\"><font size=\"3\"><a href=\"https:\/\/bobvarela.com\/wp-content\/uploads\/2022\/01\/wilberto-perez.jpg\"><img loading=\"lazy\" decoding=\"async\" width=\"179\" height=\"266\" title=\"wilberto perez\" style=\"display: inline; background-image: none;\" alt=\"wilberto perez\" src=\"https:\/\/bobvarela.com\/wp-content\/uploads\/2022\/01\/wilberto-perez_thumb.jpg\" border=\"0\"\/><\/a><a href=\"https:\/\/bobvarela.com\/wp-content\/uploads\/2022\/01\/ercolini-designs.jpg\"><img loading=\"lazy\" decoding=\"async\" width=\"177\" height=\"263\" title=\"ercolini designs\" style=\"display: inline; background-image: none;\" alt=\"ercolini designs\" src=\"https:\/\/bobvarela.com\/wp-content\/uploads\/2022\/01\/ercolini-designs_thumb.jpg\" border=\"0\"\/><\/a><\/font><\/p>\n<p align=\"justify\"><font size=\"3\">El cierre de modas estar\u00e1 a cargo del evento TRANSFASHION PR 2022 que ser\u00e1 a beneficio de la fundaci\u00f3n Coai Inc. y presentara los dise\u00f1adores Javier Arnaldo, Rinaldi Droz, Felipe Seda y Carlos Vera de NY con su l\u00ednea PIECE OF ME, junto a las presentaciones art\u00edsticas de Jaime Sunflower y B\u00e1rbara Her, donde modelos de la comunidad LGBTQI plus ser\u00e1n protagonistas de estas creaciones,<\/font><\/p>\n<p align=\"center\"><font size=\"3\"><a href=\"https:\/\/bobvarela.com\/wp-content\/uploads\/2022\/01\/TransFashion_.jpg\"><img loading=\"lazy\" decoding=\"async\" width=\"221\" height=\"330\" title=\"TransFashion_\" style=\"display: inline; background-image: none;\" alt=\"TransFashion_\" src=\"https:\/\/bobvarela.com\/wp-content\/uploads\/2022\/02\/TransFashion__thumb.jpg\" border=\"0\"\/><\/a><\/font><\/p>\n<p align=\"justify\"><font size=\"3\">\u201cTW Fashion Runway 2022 presenta esta plataforma donde la diversidad art\u00edstica, creativa y de modelos no tienen un solo molde, pero si un prop\u00f3sito, ser vista y apreciada \u201c-expresa Juan Colon. <\/font><\/p>\n<p align=\"justify\"><font size=\"3\">Para asistir al evento debe enviar sus datos a las redes sociales Facebook e Instagram Moda Juan Colon y Tiny World Model. <\/font><\/p>\n","protected":false},"excerpt":{"rendered":"<p>Por primera vez el concepto de desfiles bajo el nombre Tiny World de Juan Colon y su corporaci\u00f3n Janco Inc. producir\u00e1 un evento de modas a presentarse durante el New York Fashion Week febrero 2022 bajo la plataforma llamada TW&hellip;<\/p>\n<p class=\"more-link-p\"><a class=\"more-link\" href=\"https:\/\/bobvarela.com\/?p=144305\">Read more &rarr;<\/a><\/p>\n","protected":false},"author":1,"featured_media":0,"comment_status":"open","ping_status":"open","sticky":false,"template":"","format":"standard","meta":{"ngg_post_thumbnail":0,"footnotes":""},"categories":[4,422,295],"tags":[],"class_list":["post-144305","post","type-post","status-publish","format-standard","hentry","category-moda","category-new-york","category-puerto-rico"],"_links":{"self":[{"href":"https:\/\/bobvarela.com\/index.php?rest_route=\/wp\/v2\/posts\/144305","targetHints":{"allow":["GET"]}}],"collection":[{"href":"https:\/\/bobvarela.com\/index.php?rest_route=\/wp\/v2\/posts"}],"about":[{"href":"https:\/\/bobvarela.com\/index.php?rest_route=\/wp\/v2\/types\/post"}],"author":[{"embeddable":true,"href":"https:\/\/bobvarela.com\/index.php?rest_route=\/wp\/v2\/users\/1"}],"replies":[{"embeddable":true,"href":"https:\/\/bobvarela.com\/index.php?rest_route=%2Fwp%2Fv2%2Fcomments&post=144305"}],"version-history":[{"count":1,"href":"https:\/\/bobvarela.com\/index.php?rest_route=\/wp\/v2\/posts\/144305\/revisions"}],"predecessor-version":[{"id":144306,"href":"https:\/\/bobvarela.com\/index.php?rest_route=\/wp\/v2\/posts\/144305\/revisions\/144306"}],"wp:attachment":[{"href":"https:\/\/bobvarela.com\/index.php?rest_route=%2Fwp%2Fv2%2Fmedia&parent=144305"}],"wp:term":[{"taxonomy":"category","embeddable":true,"href":"https:\/\/bobvarela.com\/index.php?rest_route=%2Fwp%2Fv2%2Fcategories&post=144305"},{"taxonomy":"post_tag","embeddable":true,"href":"https:\/\/bobvarela.com\/index.php?rest_route=%2Fwp%2Fv2%2Ftags&post=144305"}],"curies":[{"name":"wp","href":"https:\/\/api.w.org\/{rel}","templated":true}]}}