{"id":144896,"date":"2022-02-21T07:52:23","date_gmt":"2022-02-21T11:52:23","guid":{"rendered":"https:\/\/bobvarela.com\/?p=144896"},"modified":"2022-02-21T07:54:11","modified_gmt":"2022-02-21T11:54:11","slug":"peter-do-fall-winter","status":"publish","type":"post","link":"https:\/\/bobvarela.com\/?p=144896","title":{"rendered":"PETER DO FALL WINTER 2022"},"content":{"rendered":"<p align=\"justify\"><font size=\"3\">La Semana de la Moda de Nueva York ha sido un caldo de cultivo para los j\u00f3venes dise\u00f1adores. En el mar de nuevos nombres, Peter Do est\u00e1 entre los m\u00e1s brillantes. Esta temporada, el dise\u00f1ador present\u00f3 su segundo desfile para la temporada Oto\u00f1o\/Invierno 2022.<br \/>Como inmigrante vietnamita con un curr\u00edculum que incluye a Celine y Derek Lam, los dise\u00f1os de Do llamaron r\u00e1pidamente la atenci\u00f3n sobre su sastrer\u00eda moderna. Esta temporada, su obra mezcla referencias cl\u00e1sicas y transgresoras. Ya sea a trav\u00e9s de una falda larga plisada, un cambio de imagen punk o agregando lentejuelas al neopreno, las prendas innovadoras del dise\u00f1ador destacaron esta temporada.<br \/>Junto a las siluetas expertas, Do tambi\u00e9n dej\u00f3 claro que tambi\u00e9n le interesa proponer nuevas alternativas que le permitan crear piezas divertidas y atemporales siguiendo los procesos del slow fashion.<\/font><\/p>\n<p align=\"justify\">ngg_shortcode_0_placeholder<\/p>\n","protected":false},"excerpt":{"rendered":"<p>La Semana de la Moda de Nueva York ha sido un caldo de cultivo para los j\u00f3venes dise\u00f1adores. En el mar de nuevos nombres, Peter Do est\u00e1 entre los m\u00e1s brillantes. Esta temporada, el dise\u00f1ador present\u00f3 su segundo desfile para&hellip;<\/p>\n<p class=\"more-link-p\"><a class=\"more-link\" href=\"https:\/\/bobvarela.com\/?p=144896\">Read more &rarr;<\/a><\/p>\n","protected":false},"author":1,"featured_media":0,"comment_status":"open","ping_status":"open","sticky":false,"template":"","format":"standard","meta":{"ngg_post_thumbnail":0,"footnotes":""},"categories":[4,422],"tags":[],"class_list":["post-144896","post","type-post","status-publish","format-standard","hentry","category-moda","category-new-york"],"_links":{"self":[{"href":"https:\/\/bobvarela.com\/index.php?rest_route=\/wp\/v2\/posts\/144896","targetHints":{"allow":["GET"]}}],"collection":[{"href":"https:\/\/bobvarela.com\/index.php?rest_route=\/wp\/v2\/posts"}],"about":[{"href":"https:\/\/bobvarela.com\/index.php?rest_route=\/wp\/v2\/types\/post"}],"author":[{"embeddable":true,"href":"https:\/\/bobvarela.com\/index.php?rest_route=\/wp\/v2\/users\/1"}],"replies":[{"embeddable":true,"href":"https:\/\/bobvarela.com\/index.php?rest_route=%2Fwp%2Fv2%2Fcomments&post=144896"}],"version-history":[{"count":2,"href":"https:\/\/bobvarela.com\/index.php?rest_route=\/wp\/v2\/posts\/144896\/revisions"}],"predecessor-version":[{"id":144900,"href":"https:\/\/bobvarela.com\/index.php?rest_route=\/wp\/v2\/posts\/144896\/revisions\/144900"}],"wp:attachment":[{"href":"https:\/\/bobvarela.com\/index.php?rest_route=%2Fwp%2Fv2%2Fmedia&parent=144896"}],"wp:term":[{"taxonomy":"category","embeddable":true,"href":"https:\/\/bobvarela.com\/index.php?rest_route=%2Fwp%2Fv2%2Fcategories&post=144896"},{"taxonomy":"post_tag","embeddable":true,"href":"https:\/\/bobvarela.com\/index.php?rest_route=%2Fwp%2Fv2%2Ftags&post=144896"}],"curies":[{"name":"wp","href":"https:\/\/api.w.org\/{rel}","templated":true}]}}